{"id":39609,"date":"2021-07-12T17:58:09","date_gmt":"2021-07-12T17:58:09","guid":{"rendered":"https:\/\/tuavaluo.com\/avaluo\/2021\/07\/12\/la-incidencia-acumulada-entre-los-menores-de-30-anos-se-dispara-hasta-los-800-casos\/"},"modified":"2021-07-12T17:58:09","modified_gmt":"2021-07-12T17:58:09","slug":"la-incidencia-acumulada-entre-los-menores-de-30-anos-se-dispara-hasta-los-800-casos","status":"publish","type":"post","link":"https:\/\/tuavaluo.com\/avaluo\/2021\/07\/12\/la-incidencia-acumulada-entre-los-menores-de-30-anos-se-dispara-hasta-los-800-casos\/","title":{"rendered":"La incidencia acumulada entre los menores de 30 a\u00f1os se dispara hasta los 800 casos"},"content":{"rendered":"<p>En palabras del propio <strong>Sim\u00f3n,<\/strong> la evoluci\u00f3n de la pandemia puede provocar que en un par de d\u00edas, la incidencia general \u00absupere los 400 casos\u00bb. \u00abS\u00ed creo que estamos en<strong> la fase de llegar al pico<\/strong>, pero no puedo decir la fecha\u201d, ha insistido el jefe del CCAES, quien ha explicado que la eclosi\u00f3n de la variante <strong>Delta,<\/strong> que <strong>ya supera el 60%<\/strong> de los casos secuenciados en los \u00faltimos d\u00edas, tiene \u201calgo que ver con el incremento de casos pero no es lo que hace que vivamos lo que estamos viviendo\u00bb<\/p>\n<p>Sim\u00f3n ha advertido que esta propagaci\u00f3n se debe, adem\u00e1s de que se est\u00e1 dando entre los que no han recibido ninguna dosis de la vacuna, a que <strong>no se est\u00e1n observando las medidas de prevenci\u00f3n<\/strong> como antes.<\/p>\n<p>Sobre la situaci\u00f3n de las <strong>ucis<\/strong>, el director del CCAES ha afirmado que la transmisi\u00f3n entre j\u00f3venes no le resta gravedad a la enfermedad, dado que desde el pasado viernes <strong>ha subido la ocupaci\u00f3n de las camas de cuidados intensivos en un punto. <\/strong><\/p>\n<p>&#013;<br \/>\nSource: Bolsamania.com<\/p>\n","protected":false},"excerpt":{"rendered":"<p>En palabras del propio Sim\u00f3n, la evoluci\u00f3n de la pandemia puede provocar que en un par de d\u00edas, la incidencia&#8230;<\/p>\n","protected":false},"author":3,"featured_media":0,"comment_status":"open","ping_status":"closed","sticky":false,"template":"","format":"standard","meta":[],"categories":[104],"tags":[99],"_links":{"self":[{"href":"https:\/\/tuavaluo.com\/avaluo\/wp-json\/wp\/v2\/posts\/39609"}],"collection":[{"href":"https:\/\/tuavaluo.com\/avaluo\/wp-json\/wp\/v2\/posts"}],"about":[{"href":"https:\/\/tuavaluo.com\/avaluo\/wp-json\/wp\/v2\/types\/post"}],"author":[{"embeddable":true,"href":"https:\/\/tuavaluo.com\/avaluo\/wp-json\/wp\/v2\/users\/3"}],"replies":[{"embeddable":true,"href":"https:\/\/tuavaluo.com\/avaluo\/wp-json\/wp\/v2\/comments?post=39609"}],"version-history":[{"count":0,"href":"https:\/\/tuavaluo.com\/avaluo\/wp-json\/wp\/v2\/posts\/39609\/revisions"}],"wp:attachment":[{"href":"https:\/\/tuavaluo.com\/avaluo\/wp-json\/wp\/v2\/media?parent=39609"}],"wp:term":[{"taxonomy":"category","embeddable":true,"href":"https:\/\/tuavaluo.com\/avaluo\/wp-json\/wp\/v2\/categories?post=39609"},{"taxonomy":"post_tag","embeddable":true,"href":"https:\/\/tuavaluo.com\/avaluo\/wp-json\/wp\/v2\/tags?post=39609"}],"curies":[{"name":"wp","href":"https:\/\/api.w.org\/{rel}","templated":true}]}}