{"id":39637,"date":"2021-07-13T07:22:53","date_gmt":"2021-07-13T07:22:53","guid":{"rendered":"https:\/\/tuavaluo.com\/avaluo\/2021\/07\/13\/la-ue-desbloqueara-este-martes-el-primer-tramo-de-9-000-millones-del-plan-espanol\/"},"modified":"2021-07-13T07:22:53","modified_gmt":"2021-07-13T07:22:53","slug":"la-ue-desbloqueara-este-martes-el-primer-tramo-de-9-000-millones-del-plan-espanol","status":"publish","type":"post","link":"https:\/\/tuavaluo.com\/avaluo\/2021\/07\/13\/la-ue-desbloqueara-este-martes-el-primer-tramo-de-9-000-millones-del-plan-espanol\/","title":{"rendered":"La UE desbloquear\u00e1 este martes el primer tramo de 9.000 millones del plan espa\u00f1ol"},"content":{"rendered":"<p>La propuesta espa\u00f1ola <a href=\"https:\/\/www.bolsamania.com\/noticias\/economia\/bruselas-aprueba-plan-recuperacion-espana--7994098.html\" rel=\"noopener noreferrer\" target=\"_blank\" rel=\"nofollow\" ><strong>ya tiene el aval de la Comisi\u00f3n Europea<\/strong><\/a> y recibir\u00e1 el visto bueno de los ministros <strong>junto a otros once planes nacionales<\/strong>, incluidos los de Francia, Italia y Alemania, que tambi\u00e9n han pasado el primer examen de Bruselas.<\/p>\n<div class=\"read-more-links\">\n<h5>Noticia relacionada<\/h5>\n<p><a class=\"readMore\" href=\"https:\/\/www.bolsamania.com\/noticias\/economia\/bruselas-aprueba-plan-recuperacion-espana--7994098.html\" rel=\"noopener noreferrer\" target=\"_blank\" data-id=\"7994098\" rel=\"nofollow\" ><\/p>\n<figure><img class=\"lazy\" title=\"Leer m&#xE1;s\" data-original=\"https:\/\/img5.s3wfg.com\/web\/img\/images_uploaded\/3\/d\/leyen_sanchez_285x185.jpg\" data-src=\"https:\/\/img5.s3wfg.com\/web\/img\/images_uploaded\/3\/d\/leyen_sanchez_285x185.jpg\" \/><\/figure>\n<p>Bruselas aprueba el plan de recuperaci\u00f3n de Espa\u00f1a con el que recibir\u00e1 69.500 millones <\/a><\/div>\n<p>No se espera un debate complicado porque los planes sobre la mesa <strong>han sido ya discutidos y analizados a nivel t\u00e9cnico por los Veintisiete<\/strong> en las \u00faltimas semanas y, en el caso de Espa\u00f1a, el proyecto ha pasado el tr\u00e1mite sin modificaci\u00f3n alguna, seg\u00fan han indicado varias fuentes.<\/p>\n<p>Con todo, <strong>alguna delegaci\u00f3n hubiera querido ver \u00abm\u00e1s definici\u00f3n\u00bb en algunas de las reformas<\/strong> presentadas por Espa\u00f1a, como la laboral o la de las pensiones, o que hubiera una discusi\u00f3n m\u00e1s espec\u00edfica sobre ello, explicaron fuentes diplom\u00e1ticas, que sin embargo se\u00f1alan que no hay obst\u00e1culos a la aprobaci\u00f3n del plan.<\/p>\n<p>En los debates preparatorios, Espa\u00f1a tambi\u00e9n ha tenido que explicar a sus socios <strong>por qu\u00e9 decidi\u00f3 concentrar gran parte de las inversiones y reformas en los primeros a\u00f1os del plan<\/strong> y no espaciarlas m\u00e1s en el calendario. El Gobierno defiende que el fondo es un instrumento sobre todo para resistir el \u00abprimer golpe\u00bb de la pandemia y por tanto deb\u00eda ser desplegado \u00abcuanto antes\u00bb.<\/p>\n<p>Una vez recibido el apoyo del Ecofin, a\u00fan quedar\u00e1 un \u00faltimo paso formal,<strong> la firma del acuerdo financiero entre Madrid y Bruselas<\/strong>, para que el anticipo de 9.000 millones de euros sea desbloqueado.<\/p>\n<p>El Ejecutivo comunitario da por hecho que esto ocurrir\u00e1 antes de que acabe julio, si bien fuentes del Gobierno apuntan que <strong>la tramitaci\u00f3n y verificaci\u00f3n pueden llevar varias semanas<\/strong>, por lo que no descartan que pudiera irse hasta agosto.<\/p>\n<p><strong>19.000 MILLONES PARA ESPA\u00d1A EN 2021<\/strong><\/p>\n<p>Despu\u00e9s de que empiece a fluir el anticipo ser\u00e1 el momento de que Espa\u00f1a solicite formalmente el siguiente desembolso, de unos <strong>10.000 millones de euros, que previsiblemente llegar\u00e1 antes de que acabe el a\u00f1o<\/strong> porque el Gobierno tampoco espera una tramitaci\u00f3n \u00abconflictiva\u00bb del mismo, al basarse en objetivos fijados hasta julio de este a\u00f1o y, por tanto, ya vistos con la Comisi\u00f3n.<\/p>\n<p>A Espa\u00f1a<strong> le corresponden unos 140.000 millones de euros del fondo de recuperaci\u00f3n de 800.000 millones<\/strong> con el que la UE quiere sacar a las econom\u00edas europeas de la crisis provocada por la pandemia y al mismo tiempo acelerar las transiciones verde y digital.<\/p>\n<p>Por el momento, el Gobierno <strong>solo ha solicitado los 69.500 millones que llegar\u00e1n en forma de transferencias<\/strong> y ha dejado para m\u00e1s adelante la parte de pr\u00e9stamos a devolver.<\/p>\n<p>El plan espa\u00f1ol recibir\u00e1 19.000 millones de euros del fondo de recuperaci\u00f3n en 2021 y <a href=\"https:\/\/www.bolsamania.com\/noticias\/economia\/economia--espana-recibira-20000-millones-del-fondo-de-la-ue-en-2021-y-tendra-que-desbloquear-pagos-cada-seis-meses--7994174.html\" rel=\"noopener noreferrer\" target=\"_blank\" rel=\"nofollow\" ><strong>tendr\u00e1 que ir desbloqueando nuevos tramos cada seis meses<\/strong><\/a> a medida que el Gobierno cumpla con una serie de objetivos e hitos pactados con la Comisi\u00f3n Europea. La cifra es inferior a los 27.000 millones que se hab\u00edan incluido como estimaci\u00f3n en los Presupuestos Generales para este a\u00f1o.<\/p>\n<p>&#013;<br \/>\nSource: Bolsamania.com<\/p>\n","protected":false},"excerpt":{"rendered":"<p>La propuesta espa\u00f1ola ya tiene el aval de la Comisi\u00f3n Europea y recibir\u00e1 el visto bueno de los ministros junto&#8230;<\/p>\n","protected":false},"author":3,"featured_media":39638,"comment_status":"open","ping_status":"closed","sticky":false,"template":"","format":"standard","meta":[],"categories":[104],"tags":[99],"_links":{"self":[{"href":"https:\/\/tuavaluo.com\/avaluo\/wp-json\/wp\/v2\/posts\/39637"}],"collection":[{"href":"https:\/\/tuavaluo.com\/avaluo\/wp-json\/wp\/v2\/posts"}],"about":[{"href":"https:\/\/tuavaluo.com\/avaluo\/wp-json\/wp\/v2\/types\/post"}],"author":[{"embeddable":true,"href":"https:\/\/tuavaluo.com\/avaluo\/wp-json\/wp\/v2\/users\/3"}],"replies":[{"embeddable":true,"href":"https:\/\/tuavaluo.com\/avaluo\/wp-json\/wp\/v2\/comments?post=39637"}],"version-history":[{"count":0,"href":"https:\/\/tuavaluo.com\/avaluo\/wp-json\/wp\/v2\/posts\/39637\/revisions"}],"wp:featuredmedia":[{"embeddable":true,"href":"https:\/\/tuavaluo.com\/avaluo\/wp-json\/wp\/v2\/media\/39638"}],"wp:attachment":[{"href":"https:\/\/tuavaluo.com\/avaluo\/wp-json\/wp\/v2\/media?parent=39637"}],"wp:term":[{"taxonomy":"category","embeddable":true,"href":"https:\/\/tuavaluo.com\/avaluo\/wp-json\/wp\/v2\/categories?post=39637"},{"taxonomy":"post_tag","embeddable":true,"href":"https:\/\/tuavaluo.com\/avaluo\/wp-json\/wp\/v2\/tags?post=39637"}],"curies":[{"name":"wp","href":"https:\/\/api.w.org\/{rel}","templated":true}]}}