{"id":39675,"date":"2021-07-13T14:14:38","date_gmt":"2021-07-13T14:14:38","guid":{"rendered":"https:\/\/tuavaluo.com\/avaluo\/2021\/07\/13\/el-gobierno-prorroga-hasta-el-3-de-agosto-la-limitacion-de-vuelos-con-brasil-y-sudafrica\/"},"modified":"2021-07-13T14:14:38","modified_gmt":"2021-07-13T14:14:38","slug":"el-gobierno-prorroga-hasta-el-3-de-agosto-la-limitacion-de-vuelos-con-brasil-y-sudafrica","status":"publish","type":"post","link":"https:\/\/tuavaluo.com\/avaluo\/2021\/07\/13\/el-gobierno-prorroga-hasta-el-3-de-agosto-la-limitacion-de-vuelos-con-brasil-y-sudafrica\/","title":{"rendered":"El Gobierno prorroga hasta el 3 de agosto la limitaci\u00f3n de vuelos con Brasil y Sud\u00e1frica"},"content":{"rendered":"<p>La pr\u00f3rroga, aprobada en el Consejo de Ministros, entrar\u00e1 el vigor a las 00:00 horas del 20 de julio y estar\u00e1 en vigor hasta las 00:00 horas del 3 de agosto, si bien <strong>la medida podr\u00eda modificarse en funci\u00f3n de la evoluci\u00f3n de la pandemia<\/strong>.<\/p>\n<p>Seg\u00fan lo previsto en los acuerdos, desde Brasil y Sud\u00e1frica solo <strong>podr\u00e1n realizarse vuelos a Espa\u00f1a que est\u00e9n ocupados por ciudadanos espa\u00f1oles o andorranos<\/strong>, as\u00ed como residentes en ambos pa\u00edses o pasajeros en tr\u00e1nsito internacional a un pa\u00eds no Schengen con escala inferior a 24 horas sin abandonar la zona de tr\u00e1nsito del aeropuerto espa\u00f1ol.<\/p>\n<div class=\"read-more-links\">\n<h5>Noticia relacionada<\/h5>\n<p><a class=\"readMore\" href=\"https:\/\/www.bolsamania.com\/noticias\/economia\/madrid-suspension-vuelos-brasil-sudafrica-nuevas-cepas--7783169.html\" rel=\"noopener noreferrer\" target=\"_blank\" data-id=\"7783169\" rel=\"nofollow\" ><\/p>\n<figure><img class=\"lazy\" title=\"Leer m&#xE1;s\" data-original=\"https:\/\/img5.s3wfg.com\/web\/img\/images_uploaded\/7\/c\/ep_varios_pasajeros_caminan_por_las_instalaciones_de_la_terminal_4_del_aeropuerto_madrid-barajas_285x185.jpg\" data-src=\"https:\/\/img5.s3wfg.com\/web\/img\/images_uploaded\/7\/c\/ep_varios_pasajeros_caminan_por_las_instalaciones_de_la_terminal_4_del_aeropuerto_madrid-barajas_285x185.jpg\" \/><\/figure>\n<p>Madrid pide la suspensi\u00f3n de los vuelos con Brasil y Sud\u00e1frica por las nuevas cepas <\/a><\/div>\n<p>Sin embargo, estas restricciones <strong>no afectan al personal aeron\u00e1utico<\/strong> necesario para llevar a cabo las actividades de transporte a\u00e9reo, seg\u00fan ha informado el Ministerio de Transportes, Movilidad y Agenda Urbana en un comunicado.<\/p>\n<p>Adem\u00e1s, <strong>se contemplan otras exenciones<\/strong> relativas a vuelos de aeronaves de Estado, servicios de b\u00fasqueda y salvamento (SAR), vuelos con escala en territorio espa\u00f1ol con fines no comerciales y que tengan por destino final otro pa\u00eds, vuelos exclusivos de carga, posicionales (ferry) y humanitarios, m\u00e9dicos o de emergencia.<\/p>\n<p>En todo caso, en funci\u00f3n de la evoluci\u00f3n de la situaci\u00f3n y de la pandemia y especialmente de las decisiones que puedan adoptarse de forma coordinada en la Uni\u00f3n Europea, <strong>el Ministerio de Sanidad podr\u00e1 levantar, con car\u00e1cter general, estas limitaciones<\/strong> antes de la finalizaci\u00f3n de dicho plazo.<\/p>\n<p>&#013;<br \/>\nSource: Bolsamania.com<\/p>\n","protected":false},"excerpt":{"rendered":"<p>La pr\u00f3rroga, aprobada en el Consejo de Ministros, entrar\u00e1 el vigor a las 00:00 horas del 20 de julio y&#8230;<\/p>\n","protected":false},"author":3,"featured_media":39676,"comment_status":"open","ping_status":"closed","sticky":false,"template":"","format":"standard","meta":[],"categories":[104],"tags":[99],"_links":{"self":[{"href":"https:\/\/tuavaluo.com\/avaluo\/wp-json\/wp\/v2\/posts\/39675"}],"collection":[{"href":"https:\/\/tuavaluo.com\/avaluo\/wp-json\/wp\/v2\/posts"}],"about":[{"href":"https:\/\/tuavaluo.com\/avaluo\/wp-json\/wp\/v2\/types\/post"}],"author":[{"embeddable":true,"href":"https:\/\/tuavaluo.com\/avaluo\/wp-json\/wp\/v2\/users\/3"}],"replies":[{"embeddable":true,"href":"https:\/\/tuavaluo.com\/avaluo\/wp-json\/wp\/v2\/comments?post=39675"}],"version-history":[{"count":0,"href":"https:\/\/tuavaluo.com\/avaluo\/wp-json\/wp\/v2\/posts\/39675\/revisions"}],"wp:featuredmedia":[{"embeddable":true,"href":"https:\/\/tuavaluo.com\/avaluo\/wp-json\/wp\/v2\/media\/39676"}],"wp:attachment":[{"href":"https:\/\/tuavaluo.com\/avaluo\/wp-json\/wp\/v2\/media?parent=39675"}],"wp:term":[{"taxonomy":"category","embeddable":true,"href":"https:\/\/tuavaluo.com\/avaluo\/wp-json\/wp\/v2\/categories?post=39675"},{"taxonomy":"post_tag","embeddable":true,"href":"https:\/\/tuavaluo.com\/avaluo\/wp-json\/wp\/v2\/tags?post=39675"}],"curies":[{"name":"wp","href":"https:\/\/api.w.org\/{rel}","templated":true}]}}