{"id":39677,"date":"2021-07-13T15:16:56","date_gmt":"2021-07-13T15:16:56","guid":{"rendered":"https:\/\/tuavaluo.com\/avaluo\/2021\/07\/13\/maroto-pide-prudencia-ante-el-impacto-de-las-recomendaciones-de-viaje-hacia-espana\/"},"modified":"2021-07-13T15:16:56","modified_gmt":"2021-07-13T15:16:56","slug":"maroto-pide-prudencia-ante-el-impacto-de-las-recomendaciones-de-viaje-hacia-espana","status":"publish","type":"post","link":"https:\/\/tuavaluo.com\/avaluo\/2021\/07\/13\/maroto-pide-prudencia-ante-el-impacto-de-las-recomendaciones-de-viaje-hacia-espana\/","title":{"rendered":"Maroto pide &quot;prudencia&quot; ante el impacto de las recomendaciones de viaje hacia Espa\u00f1a"},"content":{"rendered":"<p>En la rueda de prensa posterior al Consejo de Ministros, Maroto ha se\u00f1alado que desde el Gobierno est\u00e1n <strong>reforzando la comunicaci\u00f3n para que no solo la incidencia acumulada sea el medidor relevante<\/strong> para catalogar la situaci\u00f3n epidemiol\u00f3gica de Espa\u00f1a.<\/p>\n<div class=\"read-more-links\">\n<h5>Noticia relacionada<\/h5>\n<p><a class=\"readMore\" href=\"https:\/\/www.bolsamania.com\/noticias\/economia\/la-tasa-de-covid-19-en-espana-la-mas-alta-de-europa-por-la-variante-delta-segun-ft--8029488.html\" rel=\"noopener noreferrer\" target=\"_blank\" data-id=\"8029488\" rel=\"nofollow\" ><\/p>\n<figure><img class=\"lazy\" title=\"Leer m&#xE1;s\" data-original=\"https:\/\/img3.s3wfg.com\/web\/img\/images_uploaded\/e\/3\/coronavirus-la-france-va-rendre-les-tests-obligatoires-pour-les-voyageurs-de-l-ue_rsz.jpg\" data-src=\"https:\/\/img3.s3wfg.com\/web\/img\/images_uploaded\/e\/3\/coronavirus-la-france-va-rendre-les-tests-obligatoires-pour-les-voyageurs-de-l-ue_rsz.jpg\" \/><\/figure>\n<p>La tasa de Covid-19 en Espa\u00f1a, la m\u00e1s alta de Europa por la variante Delta, seg\u00fan &#8216;FT&#8217; <\/a><\/div>\n<p>En concreto, ha destacado que a la hora a trasladar la situaci\u00f3n epidemiol\u00f3gica del pa\u00eds, no solo hay que tener en cuenta la incidencia acumulada, \u00abel indicador m\u00e1s visible\u00bb, sino <strong>tambi\u00e9n la presi\u00f3n hospitalaria, que \u00abes muy baja en este momento\u00bb o la letalidad<\/strong>, sumado a la vacunaci\u00f3n.<\/p>\n<p>En este sentido, la titular de Turismo ha recordado que el virus \u00absigue con nosotros\u00bb, aunque \u00able seguimos ganando la batalla\u00bb, ya que son <strong>m\u00e1s de 21 millones de vacunados con pauta completa<\/strong> y pr\u00e1cticamente un 60% de la poblaci\u00f3n vacunada con una dosis.<\/p>\n<p>\u00abEl \u00e9xito de la campa\u00f1a de vacunaci\u00f3n nos est\u00e1 permitiendo vencer al virus, pero todav\u00eda queda camino por recorrer. Por ello, <strong>podemos considerar a Espa\u00f1a que es destino seguro<\/strong> y que est\u00e1n funcionando las medidas para garantizar la movilidad segura, tanto en el \u00e1mbito del certificado digital como en el acceso a Espa\u00f1a acreditando que est\u00e1n vacunados\u00bb, ha a\u00f1adido.<\/p>\n<p>Adem\u00e1s, ha asegurado que <strong>est\u00e1 funcionando el control sanitario de los aeropuertos por parte de Sanidad, Exterior y Aena<\/strong>. \u00abEn Espa\u00f1a ahora mismo no se puede entrar si uno no acredita que no est\u00e1 sano. Los viajes son seguros y nos hemos dotado de mecanismos para garantizar la seguridad, si uno es prudente y respeta la medidas sanitarias\u00bb, ha apuntado.<\/p>\n<p>Durante su intervenci\u00f3n, ha manifestado que <strong>el Gobierno mantiene su previsi\u00f3n de 40 millones de turistas para 2021<\/strong>, la mitad que en 2019. Tambi\u00e9n ha querido reconocer el trabajo del sector tur\u00edstico, un sector que se est\u00e1 \u00abreactivando\u00bb por su esfuerzo y trabajo.<\/p>\n<h4>EL TURISMO RESALTA LA RECUPERACI\u00d3N DE TURISTAS ENTRE REINO UNIDO Y ESPA\u00d1A<\/h4>\n<p>El sector tur\u00edstico ha constatado el<strong> inicio de la recuperaci\u00f3n del flujo de turistas entre Reino Unido y Espa\u00f1a<\/strong>. As\u00ed se ha puesto de manifiesto en el evento &#8216;Fomento del flujo tur\u00edstico entre Espa\u00f1a y Reino Unido. \u00bfC\u00f3mo conseguimos recuperar los 18 millones de turistas perdidos?&#8217;, organizado por Savills Aguirre Newman y la C\u00e1mara de Comercio Brit\u00e1nica en Espa\u00f1a.<\/p>\n<div class=\"read-more-links\">\n<h5>Noticia relacionada<\/h5>\n<p><a class=\"readMore\" href=\"https:\/\/www.bolsamania.com\/noticias\/ultimas\/reino-unido-elimanara-cuarentena--8034185.html\" rel=\"noopener noreferrer\" target=\"_blank\" data-id=\"8034185\" rel=\"nofollow\" ><\/p>\n<figure><img class=\"lazy\" title=\"Leer m&#xE1;s\" data-original=\"https:\/\/img5.s3wfg.com\/web\/img\/images_uploaded\/2\/1\/ep_reino_unido_20210107132303_285x185.jpg\" data-src=\"https:\/\/img5.s3wfg.com\/web\/img\/images_uploaded\/2\/1\/ep_reino_unido_20210107132303_285x185.jpg\" \/><\/figure>\n<p>Reino Unido eliminar\u00e1 la cuarentena a los vacunados a partir del 19 de julio <\/a><\/div>\n<p>El presidente de Savills Aguirre Newman, Santiago Aguirre, ha inaugurado el evento destacando la <strong>importancia de la recuperaci\u00f3n econ\u00f3mica del sector tur\u00edstico en Espa\u00f1a<\/strong>, dada la influencia que este tiene sobre el PIB espa\u00f1ol.<\/p>\n<p>Tras esto, se ha celebrado un di\u00e1logo entre el vocal de comunicaci\u00f3n de la junta de gobierno de la C\u00e1mara de Comercio Brit\u00e1nica, Iv\u00e1n Carballido, y la head of tourism del departamento digital, cultura, medios y deportes del Gobierno de Reino Unido, Laura Backhouse. Durante el di\u00e1logo han resaltado la <strong>relaci\u00f3n \u00abestrecha que ha existido siempre entre estos dos pa\u00edses<\/strong> y la relevancia del turismo para ambos en un momento tan decisivo para la recuperaci\u00f3n econ\u00f3mica\u00bb.<\/p>\n<p>A continuaci\u00f3n el head of international business en Banco Santander, Jaime Uscola, el country specialist for Spain &amp; Portugal de Santander U, Jihane Al Maydki, han analizado la cobertura comercial en el Corredor UK-Espa\u00f1a y han apuntado que Reino Unido representa el segundo destino de las inversiones espa\u00f1olas y es a la vez el cuarto inversor en nuestro pa\u00eds en t\u00e9rminos tur\u00edsticos.<\/p>\n<p>En el encuentro, tambi\u00e9n ha participado el director ejecutivo de la divisi\u00f3n hoteles sur de Europa de Savills Aguirre Newman, Juan Garnica, qui\u00e9n ha hablado sobre la situaci\u00f3n del mercado hotelero en el contexto de la recuperaci\u00f3n. Garnica ha se\u00f1alado la importancia del mercado internacional y, <strong>especialmente el brit\u00e1nico para \u00abapuntalar la recuperaci\u00f3n con la mejora de la oferta tur\u00edstica\u00bb<\/strong>, ampliaci\u00f3n de destinos y desestacionalizaci\u00f3n.<\/p>\n<p>&#013;<br \/>\nSource: Bolsamania.com<\/p>\n","protected":false},"excerpt":{"rendered":"<p>En la rueda de prensa posterior al Consejo de Ministros, Maroto ha se\u00f1alado que desde el Gobierno est\u00e1n reforzando la&#8230;<\/p>\n","protected":false},"author":3,"featured_media":39678,"comment_status":"open","ping_status":"closed","sticky":false,"template":"","format":"standard","meta":[],"categories":[104],"tags":[99],"_links":{"self":[{"href":"https:\/\/tuavaluo.com\/avaluo\/wp-json\/wp\/v2\/posts\/39677"}],"collection":[{"href":"https:\/\/tuavaluo.com\/avaluo\/wp-json\/wp\/v2\/posts"}],"about":[{"href":"https:\/\/tuavaluo.com\/avaluo\/wp-json\/wp\/v2\/types\/post"}],"author":[{"embeddable":true,"href":"https:\/\/tuavaluo.com\/avaluo\/wp-json\/wp\/v2\/users\/3"}],"replies":[{"embeddable":true,"href":"https:\/\/tuavaluo.com\/avaluo\/wp-json\/wp\/v2\/comments?post=39677"}],"version-history":[{"count":0,"href":"https:\/\/tuavaluo.com\/avaluo\/wp-json\/wp\/v2\/posts\/39677\/revisions"}],"wp:featuredmedia":[{"embeddable":true,"href":"https:\/\/tuavaluo.com\/avaluo\/wp-json\/wp\/v2\/media\/39678"}],"wp:attachment":[{"href":"https:\/\/tuavaluo.com\/avaluo\/wp-json\/wp\/v2\/media?parent=39677"}],"wp:term":[{"taxonomy":"category","embeddable":true,"href":"https:\/\/tuavaluo.com\/avaluo\/wp-json\/wp\/v2\/categories?post=39677"},{"taxonomy":"post_tag","embeddable":true,"href":"https:\/\/tuavaluo.com\/avaluo\/wp-json\/wp\/v2\/tags?post=39677"}],"curies":[{"name":"wp","href":"https:\/\/api.w.org\/{rel}","templated":true}]}}