{"id":40847,"date":"2021-08-02T15:56:51","date_gmt":"2021-08-02T15:56:51","guid":{"rendered":"https:\/\/tuavaluo.com\/avaluo\/2021\/08\/02\/la-luz-alcanzara-este-martes-un-nuevo-maximo-historico-10627-euros-mwh\/"},"modified":"2021-08-02T15:56:51","modified_gmt":"2021-08-02T15:56:51","slug":"la-luz-alcanzara-este-martes-un-nuevo-maximo-historico-10627-euros-mwh","status":"publish","type":"post","link":"https:\/\/tuavaluo.com\/avaluo\/2021\/08\/02\/la-luz-alcanzara-este-martes-un-nuevo-maximo-historico-10627-euros-mwh\/","title":{"rendered":"La luz  alcanzar\u00e1 este martes un nuevo m\u00e1ximo hist\u00f3rico, 106,27 euros\/MWh"},"content":{"rendered":"<p>En concreto, el &#8216;pool&#8217; el\u00e9ctrico registrar\u00e1 para el 3 de agosto un precio medio solo superado en la serie hist\u00f3rica por el del <strong>pasado 21 de julio<\/strong>, cuando lleg\u00f3 a los <strong>106,57 euros\/MWh<\/strong>, seg\u00fan datos de <strong>OMIE<\/strong> recogidos por Europa Press.<\/p>\n<p>El m\u00e1ximo a lo largo de este martes se tocar\u00e1 en la ma\u00f1ana, entre las 09.00 y las 10.00, con unos <strong>113,51 euros\/MWh<\/strong>, y el m\u00ednimo, de <strong>100,85 euros\/MWh<\/strong>, se registrar\u00e1 sobre las 18.00 y 19.00 horas.<\/p>\n<p>As\u00ed, el precio de la luz ha continuado a principio de mes con la tensi\u00f3n vivida a lo largo de todo julio, el cual hab\u00eda cerrado con una <strong>media de 93,46 euros\/MWh<\/strong>, lo que hab\u00eda supuesto el nivel m\u00e1s alto de la historia y un <strong>169,8%<\/strong> por encima del mismo mes del a\u00f1o pasado. De hecho, para este lunes el precio medio de la subasta diaria del mercado mayorista es de 103,07 euros\/MWh, el <strong>cuarto precio m\u00e1s alto de la historia<\/strong>.<\/p>\n<h3>DERECHOS DE CO2 Y PRECIO DEL GAS<\/h3>\n<p>El encarecimiento en el coste del mercado el\u00e9ctrico se encuentra motivado por los <strong>altos precios de los derechos de emisi\u00f3n y el encarecimiento del gas natural.<\/strong><\/p>\n<p>En concreto, los derechos de emisi\u00f3n han subido hasta <strong>casi los 54 euros por tonelada<\/strong>, cuando a principios de a\u00f1o se cotizaban en torno a los 33 euros. Mientras, el precio del gas natural ha repuntado ya hasta <strong>casi los 41,3 euros por MW<\/strong>h, seg\u00fan datos de <strong>Mibgas<\/strong>.<\/p>\n<p>El valor de la energ\u00eda ha establecido un peso cercano en la factura de al <strong>24%<\/strong>, mientras que alrededor del <strong>50-55%<\/strong> corresponde a los peajes, debido al coste de las redes de transporte y distribuci\u00f3n, y cargos, cuyos costes se han asociado al fomento de las renovables, a las extrapeninsulares y las anualidades del d\u00e9ficit de tarifa, y el resto impuestos.<\/p>\n<p>Las fluctuaciones en el precio diario han afectado tanto a los consumidores acogidos a la tarifa regulada (<strong>PVPC<\/strong>), algo m\u00e1s de 10 millones, como a aquellos exentos ubicados en el <strong>mercado libre<\/strong>, que abarcan la cifra de unos 17 millones, ya que cuentan con un precio pactado con su compa\u00f1\u00eda.<\/p>\n<p>Seg\u00fan han indicado los expertos del sector a la agencia Europa Press, el <strong>88%<\/strong> del consumo el\u00e9ctrico de Espa\u00f1a no se encuentra enlazado a la <strong>volatilidad del precio del mercado &#8216;spot&#8217;<\/strong>, al tener contratos con precios fijos, vi\u00e9ndose as\u00ed expuestos a ella los clientes acogidos al PVPC.<\/p>\n<h3>EN JULIO, UN ENCARECIMIENTO DEL RECIBO DEL 36%<\/h3>\n<p>El recibo de la luz de un usuario medio ha aumentado un <strong>36,2%<\/strong> en julio con respecto al mismo mes del a\u00f1o pasado, se ha situado en los 85,34 euros, seg\u00fan datos de <strong>Facua-Consumidores en Acci\u00f3n<\/strong>.<\/p>\n<p>As\u00ed, con las tarifas aplicadas del 1 al 31 de julio, el usuario medio pagar\u00e1 <strong>22,67 euros m\u00e1s que en julio de 2020<\/strong>, cuando la factura se situaba en 62,67 euros.<\/p>\n<p>La bajada del IVA al 10% <strong>hasta diciembre<\/strong> mientras el precio medio del megavatio hora se encuentre por encima de los 45 euros amortigua la subida en 8,54 euros. Si se siguiera aplicando el 21%, el recibo <strong>habr\u00eda batido todos los r\u00e9cords<\/strong>, alcanzado los 93,88 euros, seg\u00fan los c\u00e1lculos de la asociaci\u00f3n.<\/p>\n<h3>TERCER RECIBO M\u00c1S CARO DE LA HISTORIA<\/h3>\n<p>De esta manera, el de julio ha sido el <strong>tercer recibo m\u00e1s caro de la historia<\/strong> para el usuario medio. Hasta la fecha, las cinco facturas m\u00e1s elevadas han sido los 88,66 euros del<strong> primer trimestre de 2012<\/strong>, los 87,81 euros de <strong>enero de 2017<\/strong>, los 85,34 de <strong>este pasado mes<\/strong>, los 83,55 euros de <strong>septiembre de 2018<\/strong> y los 82,13 euros de <strong>mayo de 2021<\/strong>.<\/p>\n<p>En lo que va de 2021, el <strong>coste del usuario medio<\/strong> se estableci\u00f3 en 80,48 euros en enero, 62,08 euros en febrero, 70,90 euros en marzo, 81,55 euros en abril, 82,13 euros en mayo, 81,27 euros en junio y 85,34 euros en julio.<\/p>\n<p>El consumidor medio perfilado por Facua en sus an\u00e1lisis ha mantenido una <strong>potencia contratada de 4,4 kilovatios<\/strong> (kW), la cual se ha mantenido en el horario punta y valle, y un <strong>consumo de 366 kilovatios hora<\/strong> (kWh) mensuales.<\/p>\n<p>En cuanto a los porcentajes de gasto en los tres tramos horarios del nuevo sistema de facturaci\u00f3n, la asociaci\u00f3n ha tomado como <strong>referencia el perfil de usuario medio tradicional<\/strong> sin discriminaci\u00f3n horaria publicado por la Comisi\u00f3n Nacional de los Mercados y la Competencia <strong>(CNMC)<\/strong>, que consume el <strong>45%<\/strong> de la electricidad en el horario valle, <strong>el 29%<\/strong> en el horario punta y el <strong>26%<\/strong> en el horario llano.<\/p>\n<p>De lunes a viernes, el <strong>horario punta<\/strong>, que se ha establecido como el m\u00e1s caro, se aplica de las 10.00 a 14.00 horas y de 18.00 a 22.00 horas, el <strong>llano<\/strong> de las 14.00 a 18.00 horas y de las 22.00 a 00.00 horas, mientras que el menos costoso, el <strong>valle<\/strong> se mantiene de las 00.00 a 08.00 horas. Los s\u00e1bados, domingos y festivos nacionales <strong>se aplica las 24 horas<\/strong> el horario m\u00e1s barato de los tres.<\/p>\n<h3>SUBIDA DEL KWH<\/h3>\n<p>En julio de 2020, el precio del kWh se situaba en una <strong>media de 11,88 c\u00e9ntimos<\/strong>, mientras que el pasado mes el precio medio fue de 13,65 c\u00e9ntimos en horario valle, 18,13 c\u00e9ntimos en horario llano y 29,14 c\u00e9ntimos en horario punta.<\/p>\n<p>La media aritm\u00e9tica entre dichos tramos ha sido de 20,30 c\u00e9ntimos, un <strong>70,9% m\u00e1s que hace un a\u00f1o<\/strong>. La ponderada ha tomado como referencia el consumo del usuario medio en cada tramo ha sido de 19,30 c\u00e9ntimos, un <strong>62,5% m\u00e1s elevada<\/strong> que en julio de 2020.<\/p>\n<p>&#013;<br \/>\nSource: Bolsamania.com<\/p>\n","protected":false},"excerpt":{"rendered":"<p>En concreto, el &#8216;pool&#8217; el\u00e9ctrico registrar\u00e1 para el 3 de agosto un precio medio solo superado en la serie hist\u00f3rica&#8230;<\/p>\n","protected":false},"author":3,"featured_media":0,"comment_status":"open","ping_status":"closed","sticky":false,"template":"","format":"standard","meta":[],"categories":[104],"tags":[99],"_links":{"self":[{"href":"https:\/\/tuavaluo.com\/avaluo\/wp-json\/wp\/v2\/posts\/40847"}],"collection":[{"href":"https:\/\/tuavaluo.com\/avaluo\/wp-json\/wp\/v2\/posts"}],"about":[{"href":"https:\/\/tuavaluo.com\/avaluo\/wp-json\/wp\/v2\/types\/post"}],"author":[{"embeddable":true,"href":"https:\/\/tuavaluo.com\/avaluo\/wp-json\/wp\/v2\/users\/3"}],"replies":[{"embeddable":true,"href":"https:\/\/tuavaluo.com\/avaluo\/wp-json\/wp\/v2\/comments?post=40847"}],"version-history":[{"count":0,"href":"https:\/\/tuavaluo.com\/avaluo\/wp-json\/wp\/v2\/posts\/40847\/revisions"}],"wp:attachment":[{"href":"https:\/\/tuavaluo.com\/avaluo\/wp-json\/wp\/v2\/media?parent=40847"}],"wp:term":[{"taxonomy":"category","embeddable":true,"href":"https:\/\/tuavaluo.com\/avaluo\/wp-json\/wp\/v2\/categories?post=40847"},{"taxonomy":"post_tag","embeddable":true,"href":"https:\/\/tuavaluo.com\/avaluo\/wp-json\/wp\/v2\/tags?post=40847"}],"curies":[{"name":"wp","href":"https:\/\/api.w.org\/{rel}","templated":true}]}}