{"id":41435,"date":"2021-08-13T15:52:06","date_gmt":"2021-08-13T15:52:06","guid":{"rendered":"https:\/\/tuavaluo.com\/avaluo\/2021\/08\/13\/la-luz-baja-este-sabado-tras-cinco-records-consecutivos-hasta-llegar-a-los-90-euros-mwh\/"},"modified":"2021-08-13T15:52:06","modified_gmt":"2021-08-13T15:52:06","slug":"la-luz-baja-este-sabado-tras-cinco-records-consecutivos-hasta-llegar-a-los-90-euros-mwh","status":"publish","type":"post","link":"https:\/\/tuavaluo.com\/avaluo\/2021\/08\/13\/la-luz-baja-este-sabado-tras-cinco-records-consecutivos-hasta-llegar-a-los-90-euros-mwh\/","title":{"rendered":"La luz baja este s\u00e1bado tras cinco r\u00e9cords consecutivos, hasta llegar a los 90 euros\/Mwh"},"content":{"rendered":"<p>Con este descenso, el precio de la luz ha terminado con cinco d\u00edas consecutivos de alzas hist\u00f3ricas, aunque se mantiene disparado. En 2020 por estas fechas, la media era de 36 euros MWh, por lo que el alza llegar\u00e1 al <strong>212%<\/strong>, es decir, el precio de este s\u00e1bado <strong>triplicar\u00e1 el registrado hace exactamente un a\u00f1o<\/strong>, seg\u00fan datos de <strong>OMIE<\/strong>.<\/p>\n<p>Desde el pasado lunes se vienen registrando d\u00eda tras d\u00eda r\u00e9cords hist\u00f3ricos en el coste de la electricidad, <strong>coincidiendo con la ola de calor<\/strong> que se encuentra azotando el pa\u00eds, con algunas de las mayores temperaturas jam\u00e1s registradas en Espa\u00f1a.<\/p>\n<p>Este contexto de cambio clim\u00e1tico tambi\u00e9n ha sido uno de los principales causantes de la continua subida de los precios energ\u00e9ticos, ya que se halla relacionado con los <strong>derechos de emisi\u00f3n de di\u00f3xido de carbono<\/strong> (CO2), que se encuentran buscando la transici\u00f3n hacia un modelo de energ\u00eda renovable.<\/p>\n<p>El &#8216;pool&#8217; el\u00e9ctrico ha registrado para el 14 de agosto un precio medio de <strong>114,63 euros\/MWh<\/strong> y, a diferencia de otros d\u00edas, habr\u00e1 franjas horarias en la que se sit\u00fae <strong>por debajo de los 90 euros\/Mwh<\/strong>.<\/p>\n<p>El m\u00e1ximo diario para este s\u00e1bado ser\u00e1 en la franja de 22.00-23.00, en la cual llegar\u00e1 a los <strong>130 euros\/MWh<\/strong>, mientras que el m\u00ednimo se dar\u00e1 entre las 17.00 y las 18.00, donde se anotar\u00e1n unos <strong>89,14 euros\/MWh<\/strong>.<\/p>\n<p>El pasado julio, el precio de la luz se hab\u00eda cerrado en una media de <strong>92,42 euros\/MWh<\/strong>, se trat\u00f3 del nivel m\u00e1s alto de la historia, y un <strong>166,8%<\/strong> por encima del mismo mes del a\u00f1o pasado.<\/p>\n<p>En lo que va de agosto, el &#8216;pool&#8217; ha registrado <strong>ocho r\u00e9cords<\/strong>: los cinco que se marcaron entre el lunes y el viernes de esta semana, y los experimentados el lunes, martes y mi\u00e9rcoles de la semana anterior.<\/p>\n<h3>DERECHOS DE CO2 Y PRECIO DEL GAS<\/h3>\n<p>El encarecimiento en el precio del mercado el\u00e9ctrico se debe a los <strong>altos precios de los derechos de emisi\u00f3n<\/strong> y el <strong>encarecimiento del gas natural.<\/strong><\/p>\n<p>En concreto, los derechos de emisi\u00f3n se han encarecido hasta superar en este arranque de agosto <strong>los 54 euros por tonelada<\/strong>, a principios de a\u00f1o se cotizaban en torno a los <strong>33 euros<\/strong>. Mientras, el precio del gas natural se ha elevado ya hasta los <strong>41,7 euros por MWh<\/strong>, seg\u00fan datos de <strong>Mibgas<\/strong>.<\/p>\n<p>El coste de la energ\u00eda ha obtenido un peso cercano en la factura de en torno al <strong>24%<\/strong>, mientras que alrededor del<strong> 50-55%<\/strong> corresponde a los peajes, cargos y el resto, a impuestos.<\/p>\n<p>Las oscilaciones en el precio diario han afectado a los consumidores acogidos a la tarifa regulada (<strong>PVPC<\/strong>), algo m\u00e1s de 10 millones, mientras que se encuentran exentos los que se hallan en el mercado libre, o sea unos <strong>17 millones de clientes<\/strong>, ya que han mantenido un precio pactado con su compa\u00f1\u00eda.<\/p>\n<p>Seg\u00fan han indicado a Europa Press expertos del sector, el <strong>88% del consumo el\u00e9ctrico<\/strong> de Espa\u00f1a no ha estado expuesto a la volatilidad del precio del mercado &#8216;spot&#8217;, al tener contratos con precios fijos, vi\u00e9ndose ligados a ella los clientes acogidos al PVPC.<\/p>\n<h3>EN JULIO, UN ENCARECIMIENTO DEL RECIBO DEL 36%<\/h3>\n<p>El recibo de la luz de un usuario medio se ha encarecido un <strong>36,2%<\/strong> en el s\u00e9ptimo mes con respecto al mismo periodo del a\u00f1o pasado, situ\u00e1ndose en los <strong>85,34 euros,<\/strong> seg\u00fan datos de <strong>Facua-Consumidores en Acci\u00f3n<\/strong>.<\/p>\n<p>La bajada del IVA al 10% hasta diciembre mientras el precio medio del megavatio hora est\u00e9 <strong>por encima de los 45 euros<\/strong> amortigua la subida en 8,54 euros. Si se siguiera aplicando el 21%, el coste habr\u00eda batido todos los r\u00e9cords, alcanzado los <strong>93,88 euros<\/strong>, seg\u00fan los c\u00e1lculos de la asociaci\u00f3n.<\/p>\n<p>El pasado 24 de junio el Gobierno hab\u00eda aprobado un <strong>Real Decreto-Ley<\/strong> por urgencia para reducir los impuestos que se aplican al suministro de energ\u00eda el\u00e9ctrica y, con ello, la factura de la luz de los hogares, los aut\u00f3nomos, las pymes y el conjunto de las empresas, que suponen la bajada del IVA de la luz del <strong>21% al 10%<\/strong> hasta finales de este a\u00f1o y la suspensi\u00f3n del impuesto del 7% a la generaci\u00f3n el\u00e9ctrica durante tres meses.<\/p>\n<p>En el caso concreto del IVA, se ha aplicado una disminuci\u00f3n al 10% hasta fin de a\u00f1o para todos los consumidores con potencia contratada hasta 10 kilovatios (kW), siempre que la media mensual del mercado mayorista de la luz se encuentre por encima de los <strong>45 euros por MWh<\/strong>.<\/p>\n<p>En lo que se refiere a la suspensi\u00f3n del 7% del impuesto sobre el valor de producci\u00f3n de energ\u00eda el\u00e9ctrica, que ya en 2018 se decidi\u00f3 su suspensi\u00f3n temporal durante seis meses para contener otra ola alcista en el precio de la luz, estar\u00e1 vigente durante el <strong>tercer trimestre de este a\u00f1o<\/strong>.<\/p>\n<p>&#013;<br \/>\nSource: Bolsamania.com<\/p>\n","protected":false},"excerpt":{"rendered":"<p>Con este descenso, el precio de la luz ha terminado con cinco d\u00edas consecutivos de alzas hist\u00f3ricas, aunque se mantiene&#8230;<\/p>\n","protected":false},"author":3,"featured_media":0,"comment_status":"open","ping_status":"closed","sticky":false,"template":"","format":"standard","meta":[],"categories":[104],"tags":[99],"_links":{"self":[{"href":"https:\/\/tuavaluo.com\/avaluo\/wp-json\/wp\/v2\/posts\/41435"}],"collection":[{"href":"https:\/\/tuavaluo.com\/avaluo\/wp-json\/wp\/v2\/posts"}],"about":[{"href":"https:\/\/tuavaluo.com\/avaluo\/wp-json\/wp\/v2\/types\/post"}],"author":[{"embeddable":true,"href":"https:\/\/tuavaluo.com\/avaluo\/wp-json\/wp\/v2\/users\/3"}],"replies":[{"embeddable":true,"href":"https:\/\/tuavaluo.com\/avaluo\/wp-json\/wp\/v2\/comments?post=41435"}],"version-history":[{"count":0,"href":"https:\/\/tuavaluo.com\/avaluo\/wp-json\/wp\/v2\/posts\/41435\/revisions"}],"wp:attachment":[{"href":"https:\/\/tuavaluo.com\/avaluo\/wp-json\/wp\/v2\/media?parent=41435"}],"wp:term":[{"taxonomy":"category","embeddable":true,"href":"https:\/\/tuavaluo.com\/avaluo\/wp-json\/wp\/v2\/categories?post=41435"},{"taxonomy":"post_tag","embeddable":true,"href":"https:\/\/tuavaluo.com\/avaluo\/wp-json\/wp\/v2\/tags?post=41435"}],"curies":[{"name":"wp","href":"https:\/\/api.w.org\/{rel}","templated":true}]}}