{"id":41723,"date":"2021-08-23T08:23:58","date_gmt":"2021-08-23T08:23:58","guid":{"rendered":"https:\/\/tuavaluo.com\/avaluo\/2021\/08\/23\/la-actividad-empresarial-de-la-eurozona-sigue-al-alza-con-un-mercado-laboral-en-auge\/"},"modified":"2021-08-23T08:23:58","modified_gmt":"2021-08-23T08:23:58","slug":"la-actividad-empresarial-de-la-eurozona-sigue-al-alza-con-un-mercado-laboral-en-auge","status":"publish","type":"post","link":"https:\/\/tuavaluo.com\/avaluo\/2021\/08\/23\/la-actividad-empresarial-de-la-eurozona-sigue-al-alza-con-un-mercado-laboral-en-auge\/","title":{"rendered":"La actividad empresarial de la eurozona sigue al alza con un mercado laboral en auge"},"content":{"rendered":"<p>Seg\u00fan la lectura preliminar del \u00cdndice PMI Compuesto de la Actividad Total de la zona euro, elaborado por la consultora Markit y publicado este lunes, se redujo de su m\u00e1xima de los \u00faltimos quince a\u00f1os (60,2) registrada en julio a 59,5 en agosto. Esta \u00faltima cifra concord\u00f3 con la observada en junio pasado, por lo que registr\u00f3 la <strong>segunda expansi\u00f3n conjunta m\u00e1s r\u00e1pida observada desde 2006<\/strong>.<\/p>\n<p>Los costes y los precios cobrados por las firmas volvieron a aumentar a uno de los ritmos m\u00e1s acelerados observados en los veinte \u00faltimos a\u00f1os, debido a que <strong>la demanda volvi\u00f3 a superar a la oferta<\/strong>.<\/p>\n<p>Pese a que la confianza empresarial se vio atenuada por la creciente preocupaci\u00f3n en torno a la variante delta, la <strong>contrataci\u00f3n de personal sigui\u00f3 en su nivel m\u00e1s alto<\/strong> de los \u00faltimos veinti\u00fan a\u00f1os puesto que las empresas reforzaron su capacidad para hacer frente a la creciente demanda.<\/p>\n<p>El crecimiento en el sector servicios sobrepas\u00f3 al del sector manufacturero por primera vez durante la recuperaci\u00f3n de la pandemia, debido a que las medidas de contenci\u00f3n del Covid-19 siguieron relaj\u00e1ndose durante este mes hasta su nivel m\u00e1s bajo desde el comienzo de la pandemia. No obstante, <strong>el crecimiento en el sector servicios fue marginalmente m\u00e1s lento<\/strong> que su m\u00e1xima en quince a\u00f1os registrada en julio pasado, puesto que algunas empresas fueron afectadas por la presi\u00f3n del reciente aumento de contagios.<\/p>\n<p>La producci\u00f3n manufacturera tambi\u00e9n sigui\u00f3 expandi\u00e9ndose a un<strong> ritmo pocas veces superado en la historia<\/strong> del estudio gracias a la continuada recuperaci\u00f3n de la demanda frente a lo peor de la pandemia, aunque el ritmo de expansi\u00f3n se ha moderado por segundo mes hasta el m\u00e1s d\u00e9bil desde febrero pasado. La ralentizaci\u00f3n del crecimiento de la producci\u00f3n fue vinculada principalmente a las limitaciones en la cadena de suministro.<\/p>\n<p>Mientras tanto, los niveles de nuevos pedidos recibidos siguieron entre los m\u00e1s elevados observados en las dos \u00faltimas d\u00e9cadas, impulsados por el <strong>persistente resurgimiento de la demanda de productos y servicios<\/strong>, aunque en los dos sectores estudiados el ritmo de incremento se redujo frente a las m\u00e1ximas recientes hasta llevar la expansi\u00f3n en general de las carteras de pedidos hasta su m\u00ednima desde mayo pasado.<\/p>\n<p>El sostenido repunte de la demanda y las mejores perspectivas gracias al aumento del n\u00famero de personas vacunadas se tradujeron en un <strong>auge del optimismo<\/strong> respecto de los pr\u00f3ximos doce meses. El sentimiento en torno a la actividad total futura sigui\u00f3 entre los m\u00e1s altos desde que se dispone de datos comparables (disponibles desde 2012), aunque se ha moderado por segundo mes consecutivo hasta su m\u00ednima desde marzo pasado, debido a la preocupaci\u00f3n por la variante delta.<\/p>\n<p>Entretanto, el empleo creci\u00f3 a un ritmo igual a la m\u00e1xima en 21 a\u00f1os registrada en julio pasado debido a que las firmas expandieron su capacidad en proporci\u00f3n al reciente crecimiento de las carteras de pedidos y las perspectivas prometedoras. Pese a que se not\u00f3 una cierta ralentizaci\u00f3n de la creaci\u00f3n de empleo en el sector manufacturero, en parte debido a la <strong>escasez de mano de obra<\/strong>, el crecimiento del empleo en el sector servicios alcanz\u00f3 su m\u00e1xima desde septiembre de 2018.<\/p>\n<p>Este nuevo aumento del empleo ayud\u00f3 a impulsar la capacidad operativa y limitar la acumulaci\u00f3n de trabajos pendientes en agosto, aunque el aumento de los pedidos por completar fue igualmente el tercero mayor en la historia de la encuesta despu\u00e9s de los aumentos observados en junio y julio pasados. Los <strong>pedidos pendientes volvieron a aumentar<\/strong> con especial intensidad en el sector manufacturero, pese a que tambi\u00e9n se ha observado un crecimiento casi r\u00e9cord en el sector servicios.<\/p>\n<p>El crecimiento de los trabajos por completar de nuevo fue vinculado generalizadamente a la escasez de oferta, tal como lo refleja <strong>otro mes de demoras casi sin precedentes<\/strong> en la cadena de suministro. Los plazos de entrega de los proveedores, un indicador clave de demoras en las entregas, siguieron alarg\u00e1ndose en agosto a uno de los ritmos m\u00e1s intensos jam\u00e1s registrados por el estudio, pese a que debido a la incidencia de demoras, se moderaron ligeramente por tercer mes consecutivo.<\/p>\n<p>No obstante, las demoras en las entregas, combinadas con el auge de la demanda, una vez m\u00e1s desempe\u00f1aron un papel fundamental en impulsar los costes al alza. Muchas veces los costes fueron repercutidos a los clientes a trav\u00e9s de precios de venta m\u00e1s altos de los productos y servicios. En su conjunto, las<strong> tasas de inflaci\u00f3n<\/strong> de los costes y los precios de venta fueron las terceras m\u00e1s altas registradas en las dos \u00faltimas d\u00e9cadas, solo superadas por los aumentos observados en junio y julio de este a\u00f1o.<\/p>\n<p>Por pa\u00edses, <strong>Alemania sigui\u00f3 encabezando la expansi\u00f3n en la zona euro<\/strong>, a pesar de que el crecimiento se debilit\u00f3 frente a la m\u00e1xima r\u00e9cord de los \u00faltimos veintitr\u00e9s a\u00f1os registrada en julio pasado. Mientras que el crecimiento econ\u00f3mico del sector servicios s\u00f3lo se desaceler\u00f3 marginalmente frente al ritmo r\u00e9cord de julio, se registr\u00f3 una atenuaci\u00f3n m\u00e1s marcada en el sector manufacturero, principalmente debido a los problemas de suministro.<\/p>\n<p>Por su parte, la expansi\u00f3n econ\u00f3mica se moder\u00f3 hasta su m\u00ednima de los \u00faltimos cuatro meses en <strong>Francia<\/strong>, reduci\u00e9ndose a\u00fan m\u00e1s frente a su m\u00e1xima reciente de junio pasado. La producci\u00f3n industrial aument\u00f3 al ritmo m\u00e1s lento desde febrero pasado, limitada por la escasez de suministros, y el crecimiento econ\u00f3mico del sector servicios se atenu\u00f3 hasta su m\u00ednima desde abril pasado, aunque sigui\u00f3 siendo el m\u00e1s intenso de los dos sectores estudiados.<\/p>\n<p>El crecimiento econ\u00f3mico en el resto de la zona euro en su conjunto fue <strong>el m\u00e1s r\u00e1pido de los \u00faltimos 21 a\u00f1os<\/strong>, aceler\u00e1ndose ligeramente frente al ritmo de julio gracias a que tanto el sector manufacturero como el de servicios registraron ritmos de crecimiento elevados.<\/p>\n<p>Desde Markit comentan que \u00abla recuperaci\u00f3n econ\u00f3mica de la zona euro <strong>mantuvo su impresionante \u00edmpetu<\/strong> en agosto, y el \u00edndice PMI solo se redujo ligeramente frente a la m\u00e1xima reciente de julio pasado hasta llevar su promedio para el tercer trimestre hasta la fecha al nivel m\u00e1s alto en 21 a\u00f1os\u00bb. \u00abPese a que los contagios de la variante delta causaron problemas generalizados en la regi\u00f3n, reduciendo la demanda y creando m\u00e1s problemas de suministro, las firmas se beneficiaron de la relajaci\u00f3n de las medidas de contenci\u00f3n del virus hasta su m\u00ednima desde el comienzo de la pandemia\u00bb, a\u00f1aden.<\/p>\n<p>Sin embargo, destaca que \u00ablos retrasos en las cadenas de suministro siguen causando estragos, haciendo que muchas veces<strong> las empresas no puedan responder a la demanda<\/strong> y aumentando los costes de las firmas a\u00fan m\u00e1s. Estos costes, combinados con el auge de la demanda, causaron otro aumento casi r\u00e9cord de los precios medios cobrados por los productos y servicios, aunque hubo algunos bienvenidos indicios de que estas presiones inflacionistas puedan haber pasado lo peor por ahora\u00bb.<\/p>\n<p>Consideran que \u00abes alentador notar un segundo mes de creaci\u00f3n de empleo al ritmo m\u00e1s intenso en 21 a\u00f1os, que refleja los esfuerzos de las empresas por fortalecer la capacidad operativa y responder a la demanda, que en \u00faltima instancia deber\u00edan <strong>contribuir a reducir la presi\u00f3n de los precios a\u00fan m\u00e1s<\/strong>. Es preocupante observar cierto movimiento al alza en el crecimiento de los salarios debido al aumento del mercado laboral, que podr\u00eda traducirse en una mayor inflaci\u00f3n, y parece que las demoras en las entregas, especialmente las procedentes de Asia, posiblemente persistir\u00e1n durante alg\u00fan tiempo\u00bb.<\/p>\n<p>&#013;<br \/>\nSource: Bolsamania.com<\/p>\n","protected":false},"excerpt":{"rendered":"<p>Seg\u00fan la lectura preliminar del \u00cdndice PMI Compuesto de la Actividad Total de la zona euro, elaborado por la consultora&#8230;<\/p>\n","protected":false},"author":3,"featured_media":0,"comment_status":"open","ping_status":"closed","sticky":false,"template":"","format":"standard","meta":[],"categories":[104],"tags":[99],"_links":{"self":[{"href":"https:\/\/tuavaluo.com\/avaluo\/wp-json\/wp\/v2\/posts\/41723"}],"collection":[{"href":"https:\/\/tuavaluo.com\/avaluo\/wp-json\/wp\/v2\/posts"}],"about":[{"href":"https:\/\/tuavaluo.com\/avaluo\/wp-json\/wp\/v2\/types\/post"}],"author":[{"embeddable":true,"href":"https:\/\/tuavaluo.com\/avaluo\/wp-json\/wp\/v2\/users\/3"}],"replies":[{"embeddable":true,"href":"https:\/\/tuavaluo.com\/avaluo\/wp-json\/wp\/v2\/comments?post=41723"}],"version-history":[{"count":0,"href":"https:\/\/tuavaluo.com\/avaluo\/wp-json\/wp\/v2\/posts\/41723\/revisions"}],"wp:attachment":[{"href":"https:\/\/tuavaluo.com\/avaluo\/wp-json\/wp\/v2\/media?parent=41723"}],"wp:term":[{"taxonomy":"category","embeddable":true,"href":"https:\/\/tuavaluo.com\/avaluo\/wp-json\/wp\/v2\/categories?post=41723"},{"taxonomy":"post_tag","embeddable":true,"href":"https:\/\/tuavaluo.com\/avaluo\/wp-json\/wp\/v2\/tags?post=41723"}],"curies":[{"name":"wp","href":"https:\/\/api.w.org\/{rel}","templated":true}]}}