{"id":42098,"date":"2021-09-01T04:00:00","date_gmt":"2021-09-01T04:00:00","guid":{"rendered":"https:\/\/tuavaluo.com\/avaluo\/2021\/09\/01\/asi-estan-las-cosas-en-la-gran-cita-del-mes-scholz-el-favorito-en-las-elecciones-alemanas\/"},"modified":"2021-09-01T04:00:00","modified_gmt":"2021-09-01T04:00:00","slug":"asi-estan-las-cosas-en-la-gran-cita-del-mes-scholz-el-favorito-en-las-elecciones-alemanas","status":"publish","type":"post","link":"https:\/\/tuavaluo.com\/avaluo\/2021\/09\/01\/asi-estan-las-cosas-en-la-gran-cita-del-mes-scholz-el-favorito-en-las-elecciones-alemanas\/","title":{"rendered":"As\u00ed est\u00e1n las cosas en la gran cita del mes: Scholz, el favorito en las elecciones alemanas"},"content":{"rendered":"<div class=\"read-more-links\">\n<h5>Noticia relacionada<\/h5>\n<p><a class=\"readMore\" href=\"https:\/\/www.bolsamania.com\/noticias\/politica\/berenberg-alemania-incertidumbre-politica-elecciones--8066910.html\" rel=\"noopener noreferrer\" target=\"_blank\" data-id=\"8066910\" rel=\"nofollow\" ><\/p>\n<figure><img class=\"lazy\" title=\"Leer m&#xE1;s\" data-original=\"https:\/\/img3.s3wfg.com\/web\/img\/images_uploaded\/0\/a\/armin-laschet.jpg\" data-src=\"https:\/\/img3.s3wfg.com\/web\/img\/images_uploaded\/0\/a\/armin-laschet.jpg\" \/><\/figure>\n<p>Berenberg: \u00abAlemania podr\u00eda verse abocada a la incertidumbre tras las elecciones\u00bb <\/a><\/div>\n<p>\u00abSu popularidad personal y <strong>los mediocres resultados de sus dos rivales<\/strong>, Armin Laschet, de la CDU\/CSU, y Annalena Baerbock, de Los Verdes, han impulsado el apoyo a su partido\u00bb, comentan los analistas del banco.<\/p>\n<p>En este sentido, el comportamiento que est\u00e1n teniendo los candidatos en sus apariciones p\u00fablicas parece estar teniendo su traslado en la intenci\u00f3n de voto. Tras el debate del pasado domingo, un<strong> 36% de la audiencia eligi\u00f3 a Scholz<\/strong> como ganador del mismo, seg\u00fan Forsa.<\/p>\n<p>Si se atiende a la media de las \u00faltimas seis encuestas que se han publicado, el <strong>SDP, de centro-izquierda, obtendr\u00e1 un 23,5% del apoyo<\/strong>, por delante del partido de Merkel, con un 22,5%, y de los ecologistas, que se quedar\u00e1n con el 17,6%.<\/p>\n<p>As\u00ed, los analistas calculan que las<strong> probabilidades<\/strong> de que<strong> Olaf Scholz<\/strong> alcance la canciller\u00eda han aumentado <strong>desde el 25% al 50%<\/strong>, mientras que las de Laschet (CDU\/CSU) han bajado del 55% al 40%. Baerbock, de los Verdes, se queda como la que menos posibilidades tiene, reduciendo su porcentaje del 20% al 10%.<\/p>\n<p>Ante este escenario, y siguiendo con lo <strong><a href=\"https:\/\/www.bolsamania.com\/noticias\/politica\/berenberg-alemania-incertidumbre-politica-elecciones--8066910.html\" target=\"_blank\"  rel=\"nofollow\" >ya comentado en los \u00faltimos informes<\/a><\/strong>, la cuesti\u00f3n no es tanto qui\u00e9n alcanzar\u00e1 la presidencia como el color de la <strong>coalici\u00f3n.<\/strong> En este sentido, desde Berenberg prev\u00e9n que, \u00absalvo sorpresa\u00bb, <strong>se necesitar\u00e1n tres partidos pol\u00edticos<\/strong> para formar Gobierno.<\/p>\n<p>Seg\u00fan los c\u00e1lculos de los expertos, hay un 25% de probabilidades de que el <strong>centro-izquierda acuerde con los ecologistas y el FDP liberal<\/strong> una alianza, mientras que la uni\u00f3n del SDP, Verdes y el Partido de la Izquierda Dura llega al 20%.<\/p>\n<p>Mientras que Scholz y Baerbock pueden llegar a entenderse, ya que en muchas posiciones pol\u00edticas est\u00e1n cerca, no pasa lo mismo con los liberales, que han prometido impedir las subidas de impuestos que ha planteado el SDP.<\/p>\n<p>Este posible pacto a tres conllevar\u00eda para los analistas <strong>pocos cambios reales en la pol\u00edtica fiscal<\/strong> ya que el candidato de centro-izquierda \u00abha sido el ministro de Finanzas alem\u00e1n desde principios de 2018 y dio forma a la posici\u00f3n alemana en las negociaciones europeas\u00bb, sostienen los expertos de Berenberg. Por tanto, \u00abel liberal FDP y el propio pragm\u00e1tico Scholz probablemente frenar\u00edan las inclinaciones izquierdistas de la base del SPD y los Verdes\u00bb, sentencian.<\/p>\n<p>En el otro lado, est\u00e1 el <strong>Partido de la Izquierda Dura,<\/strong> que aunque apoyar\u00eda al centro izquierda y los ecologistas en la agenda interna, la exigencia de disolver la OTAN les convertir\u00eda en un \u00abaliado inc\u00f3modo y poco fiable\u00bb, seg\u00fan la firma.<\/p>\n<p>Mientras, la alianza del <strong>CDU\/CSU de Merkel con el FDP liberal cae a un 5%<\/strong> de probabilidades.<\/p>\n<p>&#013;<br \/>\nSource: Bolsamania.com<\/p>\n","protected":false},"excerpt":{"rendered":"<p>Noticia relacionada Berenberg: \u00abAlemania podr\u00eda verse abocada a la incertidumbre tras las elecciones\u00bb \u00abSu popularidad personal y los mediocres resultados&#8230;<\/p>\n","protected":false},"author":3,"featured_media":42099,"comment_status":"open","ping_status":"closed","sticky":false,"template":"","format":"standard","meta":[],"categories":[104],"tags":[99],"_links":{"self":[{"href":"https:\/\/tuavaluo.com\/avaluo\/wp-json\/wp\/v2\/posts\/42098"}],"collection":[{"href":"https:\/\/tuavaluo.com\/avaluo\/wp-json\/wp\/v2\/posts"}],"about":[{"href":"https:\/\/tuavaluo.com\/avaluo\/wp-json\/wp\/v2\/types\/post"}],"author":[{"embeddable":true,"href":"https:\/\/tuavaluo.com\/avaluo\/wp-json\/wp\/v2\/users\/3"}],"replies":[{"embeddable":true,"href":"https:\/\/tuavaluo.com\/avaluo\/wp-json\/wp\/v2\/comments?post=42098"}],"version-history":[{"count":0,"href":"https:\/\/tuavaluo.com\/avaluo\/wp-json\/wp\/v2\/posts\/42098\/revisions"}],"wp:featuredmedia":[{"embeddable":true,"href":"https:\/\/tuavaluo.com\/avaluo\/wp-json\/wp\/v2\/media\/42099"}],"wp:attachment":[{"href":"https:\/\/tuavaluo.com\/avaluo\/wp-json\/wp\/v2\/media?parent=42098"}],"wp:term":[{"taxonomy":"category","embeddable":true,"href":"https:\/\/tuavaluo.com\/avaluo\/wp-json\/wp\/v2\/categories?post=42098"},{"taxonomy":"post_tag","embeddable":true,"href":"https:\/\/tuavaluo.com\/avaluo\/wp-json\/wp\/v2\/tags?post=42098"}],"curies":[{"name":"wp","href":"https:\/\/api.w.org\/{rel}","templated":true}]}}