{"id":42770,"date":"2021-09-14T08:18:00","date_gmt":"2021-09-14T08:18:00","guid":{"rendered":"https:\/\/tuavaluo.com\/avaluo\/2021\/09\/14\/jefferies-eleva-inditex-a-comprar-y-sube-su-valoracion-hasta-35-euros-por-accion\/"},"modified":"2021-09-14T08:18:00","modified_gmt":"2021-09-14T08:18:00","slug":"jefferies-eleva-inditex-a-comprar-y-sube-su-valoracion-hasta-35-euros-por-accion","status":"publish","type":"post","link":"https:\/\/tuavaluo.com\/avaluo\/2021\/09\/14\/jefferies-eleva-inditex-a-comprar-y-sube-su-valoracion-hasta-35-euros-por-accion\/","title":{"rendered":"Jefferies eleva Inditex a comprar y sube su valoraci\u00f3n hasta 35 euros por acci\u00f3n"},"content":{"rendered":"<div class=\"read-more-links\">\n<h5>Noticia relacionada<\/h5>\n<p><a class=\"readMore\" href=\"https:\/\/www.bolsamania.com\/noticias\/empresas\/inditex-sabadell-resultados-buenos-descontados--8084238.html\" rel=\"noopener noreferrer\" target=\"_blank\" data-id=\"8084238\" rel=\"nofollow\" ><\/p>\n<figure><img class=\"lazy\" title=\"Leer m&#xE1;s\" data-original=\"https:\/\/img2.s3wfg.com\/web\/img\/images_uploaded\/1\/7\/ep_archivo_-_una_mujer_con_mascarilla_pasa_junto_al_escaparate_de_la_tienda_zara_de_la_calle_285x185.jpg\" data-src=\"https:\/\/img2.s3wfg.com\/web\/img\/images_uploaded\/1\/7\/ep_archivo_-_una_mujer_con_mascarilla_pasa_junto_al_escaparate_de_la_tienda_zara_de_la_calle_285x185.jpg\" \/><\/figure>\n<p>Inditex: Sabadell cree que los resultados ser\u00e1n buenos&#8230; pero est\u00e1n descontados <\/a><\/div>\n<p>La subida de recomendaci\u00f3n se produce justo el d\u00eda antes de que Inditex presente sus <strong>resultados trimestrales<\/strong>, y en un momento dulce para la cadena de moda, que cotiza en niveles de 30 euros por acci\u00f3n.<\/p>\n<p>Jefferies justifica la subida de su valoraci\u00f3n por la <strong>r\u00e1pida recuperaci\u00f3n de la demanda<\/strong>, la contenci\u00f3n de los costes conseguida por la compa\u00f1\u00eda y su fuerte generaci\u00f3n de caja.<\/p>\n<h3>RESULTADOS DEL SEGUNDO TRIMESTRE FISCAL<\/h3>\n<p>Inditex publica sus resultados del segundo trimestre fiscal este mi\u00e9rcoles, 15 de septiembre. Los expertos de <a href=\"https:\/\/www.bolsamania.com\/noticias\/empresas\/inditex-sabadell-resultados-buenos-descontados--8084238.html\" rel=\"noopener noreferrer\" target=\"_blank\" rel=\"nofollow\" ><strong>Banco Sabadell<\/strong><\/a> creen que ser\u00e1n <strong>unas cifras \u00abbuenas\u00bb, pero consideran que \u00abya estar\u00edan (descontadas) en precio\u00bb<\/strong>.<\/p>\n<p>Sabadell espera un fuerte rebote en los ingresos frente a 2020 e incluso una mejora frente a 2019. Las <strong>ventas subir\u00edan un 50% respecto al a\u00f1o pasado y un 3% frente a 2019<\/strong>.<\/p>\n<p>El apalancamiento operativo y las medidas adoptadas durante el \u00faltimo a\u00f1o para reducir costes (especialmente en alquileres) deber\u00edan notarse, de manera que <strong>el EBIT podr\u00eda crecer un 289% frente al mismo periodo de 2020 y un 14% respecto al segundo trimestre fiscal de 2019.<\/strong><\/p>\n<p>\u00abCreemos que, a PER a 12 meses de 25 veces frente a la banda hist\u00f3rica de valoraci\u00f3n de 15 veces-35 veces, <strong>la acci\u00f3n cotiza a su justo precio e incorpora un rebote en los resultados<\/strong>, y no vemos potencial desde estos niveles\u00bb, indican desde el banco.<\/p>\n<p>&#013;<br \/>\nSource: Bolsamania.com<\/p>\n","protected":false},"excerpt":{"rendered":"<p>Noticia relacionada Inditex: Sabadell cree que los resultados ser\u00e1n buenos&#8230; pero est\u00e1n descontados La subida de recomendaci\u00f3n se produce justo&#8230;<\/p>\n","protected":false},"author":3,"featured_media":42771,"comment_status":"open","ping_status":"closed","sticky":false,"template":"","format":"standard","meta":[],"categories":[104],"tags":[99],"_links":{"self":[{"href":"https:\/\/tuavaluo.com\/avaluo\/wp-json\/wp\/v2\/posts\/42770"}],"collection":[{"href":"https:\/\/tuavaluo.com\/avaluo\/wp-json\/wp\/v2\/posts"}],"about":[{"href":"https:\/\/tuavaluo.com\/avaluo\/wp-json\/wp\/v2\/types\/post"}],"author":[{"embeddable":true,"href":"https:\/\/tuavaluo.com\/avaluo\/wp-json\/wp\/v2\/users\/3"}],"replies":[{"embeddable":true,"href":"https:\/\/tuavaluo.com\/avaluo\/wp-json\/wp\/v2\/comments?post=42770"}],"version-history":[{"count":0,"href":"https:\/\/tuavaluo.com\/avaluo\/wp-json\/wp\/v2\/posts\/42770\/revisions"}],"wp:featuredmedia":[{"embeddable":true,"href":"https:\/\/tuavaluo.com\/avaluo\/wp-json\/wp\/v2\/media\/42771"}],"wp:attachment":[{"href":"https:\/\/tuavaluo.com\/avaluo\/wp-json\/wp\/v2\/media?parent=42770"}],"wp:term":[{"taxonomy":"category","embeddable":true,"href":"https:\/\/tuavaluo.com\/avaluo\/wp-json\/wp\/v2\/categories?post=42770"},{"taxonomy":"post_tag","embeddable":true,"href":"https:\/\/tuavaluo.com\/avaluo\/wp-json\/wp\/v2\/tags?post=42770"}],"curies":[{"name":"wp","href":"https:\/\/api.w.org\/{rel}","templated":true}]}}