{"id":42789,"date":"2021-09-14T12:24:25","date_gmt":"2021-09-14T12:24:25","guid":{"rendered":"https:\/\/tuavaluo.com\/avaluo\/2021\/09\/14\/el-gobierno-aprueba-un-plan-de-choque-para-rebajar-un-22-la-luz-hasta-fin-de-ano\/"},"modified":"2021-09-14T12:24:25","modified_gmt":"2021-09-14T12:24:25","slug":"el-gobierno-aprueba-un-plan-de-choque-para-rebajar-un-22-la-luz-hasta-fin-de-ano","status":"publish","type":"post","link":"https:\/\/tuavaluo.com\/avaluo\/2021\/09\/14\/el-gobierno-aprueba-un-plan-de-choque-para-rebajar-un-22-la-luz-hasta-fin-de-ano\/","title":{"rendered":"El Gobierno aprueba un &quot;plan de choque&quot; para rebajar un 22% la luz hasta fin de a\u00f1o"},"content":{"rendered":"<p>Para ello, el Gobierno ha pedido al Parlamento tramitar de urgencia los dos decretos ley para rebajar as\u00ed el precio de la factura de la luz.<\/p>\n<p>\u00abDos proyectos de ley que est\u00e1n hoy en tramitaci\u00f3n en el Parlamento, uno por el que se minora el CO\u2082 a las empresas que generan electricidad y se ven beneficiadas o por el que se crea el fondo nacional de sostenibilidad del sistema el\u00e9ctrico\u00bb, ha explicado la vicepresidenta. Para las el\u00e9ctricas, esto significa un &#8216;rejonazo&#8217; de 2.600 millones hasta marzo de 2022.<\/p>\n<p>Adem\u00e1s, el Gobierno crear\u00e1 un nuevo modelo para fijar los precios de la luz cambiando su sistema de subidas para que las peque\u00f1as comercializadoras puedan pujar y fijar un precio distinto al del mercado mayorista. \u00abNuevas subastas de energ\u00eda para aportar liquidez y competencia en los mercados y facilitar una energ\u00eda barata\u00bb, ha defendido Ribera durante su intervenci\u00f3n. <\/p>\n<p>En materia de fiscalidad, se ha prorrogado la suspensi\u00f3n del impuesto a la generaci\u00f3n de electricidad del 7% y se ha rebajado el impuesto Especial de la Electricidad desde el 5,1% hasta el 0,5%. <\/p>\n<p>Otra de las medidas anunciadas por el Ejecutivo ha sido la de crear un suministro m\u00ednimo vital que ampl\u00ede la prohibici\u00f3n del corte del servicio durante seis meses. Sobre la tarifa del gas, Ribera ha anunciado que se limitar\u00e1 durante los seis pr\u00f3ximos meses para que la subida del carburante no impacte en las facturas de los hogares en la \u00e9poca m\u00e1s fr\u00eda del a\u00f1o.<\/p>\n<p>La Ley de las Aguas tambi\u00e9n pasar\u00e1 por chapa y pintura para \u00abevitar esos episodios que a todos nos han dado verg\u00fcenza este verano\u00bb, ha prometido Ribera. <\/p>\n<p>\u00abBajar la factura de todos los consumidores, dar m\u00e1s protecci\u00f3n a los vulnerables e impulsar la recuperaci\u00f3n econ\u00f3mica\u00bb son los objetivos que se fija el Ejecutivo de Pedro S\u00e1nchez, seg\u00fan Ribera. Eso s\u00ed, la tambi\u00e9n ministra ha reconocido que la capacidad de intervenir del Gobierno es limitada: \u00abEs un asunto que va m\u00e1s all\u00e1 del \u00e1mbito pol\u00edtico europeo\u00bb.<\/p>\n<p>&#013;<br \/>\nSource: Bolsamania.com<\/p>\n","protected":false},"excerpt":{"rendered":"<p>Para ello, el Gobierno ha pedido al Parlamento tramitar de urgencia los dos decretos ley para rebajar as\u00ed el precio&#8230;<\/p>\n","protected":false},"author":3,"featured_media":0,"comment_status":"open","ping_status":"closed","sticky":false,"template":"","format":"standard","meta":[],"categories":[104],"tags":[99],"_links":{"self":[{"href":"https:\/\/tuavaluo.com\/avaluo\/wp-json\/wp\/v2\/posts\/42789"}],"collection":[{"href":"https:\/\/tuavaluo.com\/avaluo\/wp-json\/wp\/v2\/posts"}],"about":[{"href":"https:\/\/tuavaluo.com\/avaluo\/wp-json\/wp\/v2\/types\/post"}],"author":[{"embeddable":true,"href":"https:\/\/tuavaluo.com\/avaluo\/wp-json\/wp\/v2\/users\/3"}],"replies":[{"embeddable":true,"href":"https:\/\/tuavaluo.com\/avaluo\/wp-json\/wp\/v2\/comments?post=42789"}],"version-history":[{"count":0,"href":"https:\/\/tuavaluo.com\/avaluo\/wp-json\/wp\/v2\/posts\/42789\/revisions"}],"wp:attachment":[{"href":"https:\/\/tuavaluo.com\/avaluo\/wp-json\/wp\/v2\/media?parent=42789"}],"wp:term":[{"taxonomy":"category","embeddable":true,"href":"https:\/\/tuavaluo.com\/avaluo\/wp-json\/wp\/v2\/categories?post=42789"},{"taxonomy":"post_tag","embeddable":true,"href":"https:\/\/tuavaluo.com\/avaluo\/wp-json\/wp\/v2\/tags?post=42789"}],"curies":[{"name":"wp","href":"https:\/\/api.w.org\/{rel}","templated":true}]}}