{"id":43267,"date":"2021-09-23T08:24:26","date_gmt":"2021-09-23T08:24:26","guid":{"rendered":"https:\/\/tuavaluo.com\/avaluo\/2021\/09\/23\/la-inflacion-dificulta-la-recuperacion-la-zona-euro-crece-a-mas-ritmo-lento-en-septiembre\/"},"modified":"2021-09-23T08:24:26","modified_gmt":"2021-09-23T08:24:26","slug":"la-inflacion-dificulta-la-recuperacion-la-zona-euro-crece-a-mas-ritmo-lento-en-septiembre","status":"publish","type":"post","link":"https:\/\/tuavaluo.com\/avaluo\/2021\/09\/23\/la-inflacion-dificulta-la-recuperacion-la-zona-euro-crece-a-mas-ritmo-lento-en-septiembre\/","title":{"rendered":"La inflaci\u00f3n dificulta la recuperaci\u00f3n: la zona euro crece a m\u00e1s ritmo lento en septiembre"},"content":{"rendered":"<p>El \u00cdndice PMI Compuesto de la actividad total de la zona euro, elaborado por la consultora Markit y publicado este jueves, cay\u00f3 intensamente en septiembre, descendiendo de 59 registrado en agosto a 56,1 e indicando una <strong>nueva relajaci\u00f3n del ritmo de expansi\u00f3n<\/strong> frente a la m\u00e1xima en quince a\u00f1os de julio pasado.<\/p>\n<p>Seg\u00fan refleja su lectura preliminar flash, el \u00faltimo aumento de la actividad total fue el m\u00e1s reducido desde abril pasado, pese a que a\u00fan se mantiene muy por encima de la tendencia a largo plazo del estudio previa a la pandemia, se\u00f1alando otro mes de una <strong>solidez de crecimiento por encima de la media<\/strong>.<\/p>\n<p>Las expectativas respecto a la actividad empresarial en los pr\u00f3ximos doce meses tambi\u00e9n fueron afectadas por la <strong>creciente preocupaci\u00f3n por el impacto de la variante Delta<\/strong> en la demanda y las cadenas de suministro, contribuyendo a una nueva moderaci\u00f3n del ritmo de creaci\u00f3n de empleo frente a la m\u00e1xima en 21 a\u00f1os registrada en julio pasado.<\/p>\n<p>Por otra parte, los costes para las empresas aumentaron al ritmo m\u00e1s acelerado en m\u00e1s de dos d\u00e9cadas puesto que <strong>la demanda volvi\u00f3 a superar la oferta<\/strong>, mientras que los aumentos de precios se extienden cada vez m\u00e1s desde el sector manufacturero al sector servicios.<\/p>\n<p>El robusto, aunque decreciente, ritmo de crecimiento se registr\u00f3 tanto en el sector manufacturero como en el sector servicios, aunque este \u00faltimo arroj\u00f3 resultados modestamente mejores. Mientras que el crecimiento en el sector servicios apenas decay\u00f3 hasta su m\u00ednima desde mayo pasado, <strong>los fabricantes indicaron la menor expansi\u00f3n de la producci\u00f3n desde enero<\/strong>. La desaceleraci\u00f3n del crecimiento de la producci\u00f3n manufacturera fue vinculada principalmente a las limitaciones en las cadenas de suministro, que tambi\u00e9n afectaron a algunos proveedores de servicios. Al mismo tiempo, la persistente pandemia tambi\u00e9n fue mencionada frecuentemente como responsable de la atenuaci\u00f3n del crecimiento de la demanda, notablemente al reducir las exportaciones del sector servicios.<\/p>\n<p>En general, los vol\u00famenes de nuevos pedidos recibidos aumentaron al ritmo m\u00e1s lento desde abril pasado y <strong>la demanda creci\u00f3 a menores ritmos<\/strong> tanto en el sector manufacturero como en el sector servicios despu\u00e9s de las expansiones excepcionalmente robustas observadas en meses anteriores. Del mismo modo, el crecimiento de los nuevos pedidos para exportaciones disminuy\u00f3, cayendo hasta su m\u00ednima desde febrero pasado. El ritmo de expansi\u00f3n se redujo intensamente en el sector manufacturero, mientras que los nuevos pedidos de clientes del exterior aumentaron solo modestamente en el sector servicios.<\/p>\n<p>Entretanto, los niveles de pedidos pendientes de realizaci\u00f3n volvieron a aumentar con intensidad, m\u00e1s notablemente en el sector manufacturero, por lo general en respuesta a las limitaciones en el suministro.<\/p>\n<p>Los <strong>plazos de entrega<\/strong> de los proveedores, un indicador clave de demoras en la cadena de suministro en el sector manufacturero, se alargaron a un ritmo m\u00e1s intenso en septiembre y siguieron extendi\u00e9ndose a una tasa que supera con creces las observadas antes de la pandemia.<\/p>\n<p>La escasez de insumos de nuevo provoc\u00f3 un <strong>intenso aumento de los costes<\/strong> soportados por las firmas. Los costes de los insumos conjuntos del sector manufacturero y el sector servicios aumentaron al ritmo m\u00e1s intenso desde septiembre de 2000. La inflaci\u00f3n de los costes en el sector servicios alcanz\u00f3 su m\u00e1xima desde julio de 2008 mientras que la inflaci\u00f3n de los precios de compra en el sector manufacturero sigui\u00f3 rondando sus m\u00e1ximas hist\u00f3ricas. Con frecuencia, el aumento de los costes<strong> fue repercutido a los clientes<\/strong>. La inflaci\u00f3n de los precios de venta en su conjunto se aceler\u00f3 en septiembre, aumentando al tercer ritmo m\u00e1s alto observado en las dos \u00faltimas d\u00e9cadas, superado tan solo por los aumentos registrados en junio y julio pasados.<\/p>\n<p>Al mismo tiempo, <strong>el crecimiento del nivel de empleo se redujo<\/strong> hasta su m\u00ednima en cuatro meses, moder\u00e1ndose tanto en el sector manufacturero como en el de servicios en medio de cierta preocupaci\u00f3n por la capacidad de resistencia de la demanda y la oferta en el futuro, pero de todos modos se mantuvo hist\u00f3ricamente fuerte (entre los m\u00e1s altos observados en las dos \u00faltimas d\u00e9cadas) puesto que las firmas siguieron recreando o expandiendo su capacidad.<\/p>\n<p>Del mismo modo, <strong>el sentimiento respecto de la actividad futura se moder\u00f3<\/strong> por tercer mes consecutivo hasta su m\u00ednima desde enero pasado, debido a la preocupaci\u00f3n por la persistente pandemia, especialmente en el sector servicios.<\/p>\n<p>Por pa\u00edses, el crecimiento<strong> se desaceler\u00f3 con especial intensidad en Alemania<\/strong>, descendiendo hasta su m\u00ednima desde febrero pasado, observ\u00e1ndose marcadas reducciones tanto en el sector manufacturero como en el sector servicios. El sector manufacturero fue afectado especialmente por las limitaciones en las cadenas de suministro. El crecimiento tambi\u00e9n <strong>se moder\u00f3 en Francia<\/strong> y sigui\u00f3 descendiendo frente a su m\u00e1xima de junio pasado hasta alcanzar su m\u00ednima desde abril. El sector servicios mostr\u00f3 mayor resiliencia que el sector manufacturero, donde se registr\u00f3 apenas un crecimiento modesto de la producci\u00f3n debido a que la escasez de insumos sigui\u00f3 intensa.<\/p>\n<p>El crecimiento en el resto de la zona euro en su conjunto super\u00f3 el observado en Alemania y Francia, pese a atenuarse hasta su ritmo m\u00e1s lento desde abril pasado, debido a una<strong> expansi\u00f3n m\u00e1s d\u00e9bil de la actividad del sector servicios<\/strong> y cierta reducci\u00f3n del crecimiento en el sector manufacturero.<\/p>\n<p>Desde Markit comentan que los datos de septiembre subrayan \u00abuna <strong>combinaci\u00f3n no deseada<\/strong> de un crecimiento econ\u00f3mico intensamente m\u00e1s lento con precios en marcada alza\u00bb. Por una parte, \u00abes de esperar cierta atenuaci\u00f3n del crecimiento frente a las m\u00e1ximas en dos d\u00e9cadas observadas a principios del verano. Por otra, las firmas experimentan cada vez m\u00e1s frustraci\u00f3n por las demoras de suministro, la escasez y el aumento constante de los precios de los insumos\u00bb.<\/p>\n<p>En consecuencia, \u00abla actividad empresarial, m\u00e1s notablemente en el sector manufacturero pero ahora tambi\u00e9n en el sector servicios, se est\u00e1 limitando con la consiguiente <strong>p\u00e9rdida de ventas y clientes<\/strong>\u00ab. A\u00f1aden que \u00abla preocupaci\u00f3n por los precios elevados, las tensiones en las cadenas de suministro y la flexibilidad de la demanda en el entorno de persistente pandemia a su vez ha erosionado la confianza empresarial, y las expectativas para los pr\u00f3ximos doce meses ahora han ca\u00eddo hasta su nivel m\u00e1s bajo desde enero pasado\u00bb.<\/p>\n<p>Consideran tambi\u00e9n que, \u00abpor el momento, <strong>el ritmo general de expansi\u00f3n se mantiene s\u00f3lido<\/strong>, a pesar de observarse una desaceleraci\u00f3n, pero parece probable que el crecimiento se siga debilitando en los pr\u00f3ximos meses si los precios y las dificultades con los suministros no muestran indicios de disminuir, especialmente si van acompa\u00f1ados de un aumento de los contagios por el virus a medida que avanza el oto\u00f1o\u00bb.<\/p>\n<p>&#013;<br \/>\nSource: Bolsamania.com<\/p>\n","protected":false},"excerpt":{"rendered":"<p>El \u00cdndice PMI Compuesto de la actividad total de la zona euro, elaborado por la consultora Markit y publicado este&#8230;<\/p>\n","protected":false},"author":3,"featured_media":0,"comment_status":"open","ping_status":"closed","sticky":false,"template":"","format":"standard","meta":[],"categories":[104],"tags":[99],"_links":{"self":[{"href":"https:\/\/tuavaluo.com\/avaluo\/wp-json\/wp\/v2\/posts\/43267"}],"collection":[{"href":"https:\/\/tuavaluo.com\/avaluo\/wp-json\/wp\/v2\/posts"}],"about":[{"href":"https:\/\/tuavaluo.com\/avaluo\/wp-json\/wp\/v2\/types\/post"}],"author":[{"embeddable":true,"href":"https:\/\/tuavaluo.com\/avaluo\/wp-json\/wp\/v2\/users\/3"}],"replies":[{"embeddable":true,"href":"https:\/\/tuavaluo.com\/avaluo\/wp-json\/wp\/v2\/comments?post=43267"}],"version-history":[{"count":0,"href":"https:\/\/tuavaluo.com\/avaluo\/wp-json\/wp\/v2\/posts\/43267\/revisions"}],"wp:attachment":[{"href":"https:\/\/tuavaluo.com\/avaluo\/wp-json\/wp\/v2\/media?parent=43267"}],"wp:term":[{"taxonomy":"category","embeddable":true,"href":"https:\/\/tuavaluo.com\/avaluo\/wp-json\/wp\/v2\/categories?post=43267"},{"taxonomy":"post_tag","embeddable":true,"href":"https:\/\/tuavaluo.com\/avaluo\/wp-json\/wp\/v2\/tags?post=43267"}],"curies":[{"name":"wp","href":"https:\/\/api.w.org\/{rel}","templated":true}]}}