{"id":43291,"date":"2021-09-23T13:50:38","date_gmt":"2021-09-23T13:50:38","guid":{"rendered":"https:\/\/tuavaluo.com\/avaluo\/2021\/09\/23\/el-aeropuerto-de-la-palma-vuelve-a-estar-operativo\/"},"modified":"2021-09-23T13:50:38","modified_gmt":"2021-09-23T13:50:38","slug":"el-aeropuerto-de-la-palma-vuelve-a-estar-operativo","status":"publish","type":"post","link":"https:\/\/tuavaluo.com\/avaluo\/2021\/09\/23\/el-aeropuerto-de-la-palma-vuelve-a-estar-operativo\/","title":{"rendered":"El aeropuerto de La Palma vuelve a estar operativo"},"content":{"rendered":"<div class=\"read-more-links\">\n<h5>Noticia relacionada<\/h5>\n<p><a class=\"readMore\" href=\"https:\/\/www.bolsamania.com\/noticias\/sociedad\/alerta-por-la-llegada-de-los-gases-del-volcan-de-la-palma-a-la-peninsula-este-viernes--8115124.html\" rel=\"noopener noreferrer\" target=\"_blank\" data-id=\"8115124\" rel=\"nofollow\" ><\/p>\n<figure><img class=\"lazy\" title=\"Leer m&#xE1;s\" data-original=\"https:\/\/img6.s3wfg.com\/web\/img\/images_uploaded\/b\/c\/ep_la_nube_de_ceniza_y_dioxido_de_azufre_que_expulsa_el_volcan_de_la_palma_desde_el_nucleo_urbano_de_285x185.jpg\" data-src=\"https:\/\/img6.s3wfg.com\/web\/img\/images_uploaded\/b\/c\/ep_la_nube_de_ceniza_y_dioxido_de_azufre_que_expulsa_el_volcan_de_la_palma_desde_el_nucleo_urbano_de_285x185.jpg\" \/><\/figure>\n<p>Alerta por la llegada de los gases del volc\u00e1n de La Palma a la Pen\u00ednsula este viernes <\/a><\/div>\n<p> Por su parte, el gestor de la navegaci\u00f3n a\u00e9rea en Espa\u00f1a, <strong>Enaire<\/strong>, ha recomendado que <strong>no salgan vuelos a la isla de La Palma<\/strong> como medida preventiva.<\/p>\n<p>Esta ma\u00f1ana, alrededor de las 10.00 horas se cerr\u00f3 el aeropuerto de La Palma debido a que el <strong>cambio en la direcci\u00f3n del viento estaba provocando el desplazamiento de cenizas<\/strong> hacia la zona de Mazo y de la capital de la isla, donde se encuentra el aeropuerto de La Palma.<\/p>\n<p>Ahora que se ha vuelto a reabrir el espacio a\u00e9reo, <strong>ser\u00e1n las aerol\u00edneas las que puedan decidir<\/strong>, seg\u00fan Enaire, <strong>si vuelan o no a la Palma<\/strong>.<\/p>\n<p>Por el momento, la aerol\u00ednea<strong> Binter Canarias<\/strong> ha informado del desv\u00edo al punto de origen de un vuelo que sali\u00f3 de Tenerife Norte con destino a La Palma, como recoge &#8216;Cope&#8217;.<\/p>\n<p>Binter Canarias ha se\u00f1alado por redes sociales que est\u00e1 <strong>pendiente de la situaci\u00f3n volc\u00e1nica<\/strong> y que de momento opera \u00abcon normalidad\u00bb.<\/p>\n<\/p>\n<p><strong>ALERTA POR LA LLEGADA DE GASES T\u00d3XICOS A LA PEN\u00cdNSULA<\/strong><\/p>\n<p>Por otra parte, el proceso eruptivo del volc\u00e1n de La Palma, situado en la zona de Cumbre Vieja de la isla, est\u00e1 provocando la <strong>emisi\u00f3n de gases que pueden ser muy t\u00f3xicos<\/strong> y que todo apunta a que<strong> llegar\u00e1n a la Pen\u00edsula este viernes<\/strong>.<\/p>\n<p>Los expertos se\u00f1alan que pueden ser liberadas importantes cantidades de <strong>di\u00f3xido de carbono, di\u00f3xido de azufre, sulfuro de hidr\u00f3geno y haluros de hidr\u00f3geno<\/strong>, adem\u00e1s del inofensivo vapor de agua, sobre todo cuando la lava contacte con el mar.<\/p>\n<p>Estos gases, fundamentalmente el <strong>di\u00f3xido de azufre (SO2)<\/strong>, se ir\u00e1n desplazando por la atm\u00f3sfera hacia el <strong>sureste peninsular<\/strong>.<\/p>\n<p>El posible riesgo de contaminaci\u00f3n del aire provocado por los gases t\u00f3xicos emitidos en la erupci\u00f3n es uno de los impactos ambientales que est\u00e1n siendo valorados por los expertos que hacen el seguimiento del suceso volc\u00e1nico.<\/p>\n<p>&#013;<br \/>\nSource: Bolsamania.com<\/p>\n","protected":false},"excerpt":{"rendered":"<p>Noticia relacionada Alerta por la llegada de los gases del volc\u00e1n de La Palma a la Pen\u00ednsula este viernes Por&#8230;<\/p>\n","protected":false},"author":3,"featured_media":43292,"comment_status":"open","ping_status":"closed","sticky":false,"template":"","format":"standard","meta":[],"categories":[104],"tags":[99],"_links":{"self":[{"href":"https:\/\/tuavaluo.com\/avaluo\/wp-json\/wp\/v2\/posts\/43291"}],"collection":[{"href":"https:\/\/tuavaluo.com\/avaluo\/wp-json\/wp\/v2\/posts"}],"about":[{"href":"https:\/\/tuavaluo.com\/avaluo\/wp-json\/wp\/v2\/types\/post"}],"author":[{"embeddable":true,"href":"https:\/\/tuavaluo.com\/avaluo\/wp-json\/wp\/v2\/users\/3"}],"replies":[{"embeddable":true,"href":"https:\/\/tuavaluo.com\/avaluo\/wp-json\/wp\/v2\/comments?post=43291"}],"version-history":[{"count":0,"href":"https:\/\/tuavaluo.com\/avaluo\/wp-json\/wp\/v2\/posts\/43291\/revisions"}],"wp:featuredmedia":[{"embeddable":true,"href":"https:\/\/tuavaluo.com\/avaluo\/wp-json\/wp\/v2\/media\/43292"}],"wp:attachment":[{"href":"https:\/\/tuavaluo.com\/avaluo\/wp-json\/wp\/v2\/media?parent=43291"}],"wp:term":[{"taxonomy":"category","embeddable":true,"href":"https:\/\/tuavaluo.com\/avaluo\/wp-json\/wp\/v2\/categories?post=43291"},{"taxonomy":"post_tag","embeddable":true,"href":"https:\/\/tuavaluo.com\/avaluo\/wp-json\/wp\/v2\/tags?post=43291"}],"curies":[{"name":"wp","href":"https:\/\/api.w.org\/{rel}","templated":true}]}}