{"id":43480,"date":"2021-09-28T06:03:03","date_gmt":"2021-09-28T06:03:03","guid":{"rendered":"https:\/\/tuavaluo.com\/avaluo\/2021\/09\/28\/el-foro-de-sintra-del-bce-debatira-los-retos-de-la-politica-monetaria-post-covid-19\/"},"modified":"2021-09-28T06:03:03","modified_gmt":"2021-09-28T06:03:03","slug":"el-foro-de-sintra-del-bce-debatira-los-retos-de-la-politica-monetaria-post-covid-19","status":"publish","type":"post","link":"https:\/\/tuavaluo.com\/avaluo\/2021\/09\/28\/el-foro-de-sintra-del-bce-debatira-los-retos-de-la-politica-monetaria-post-covid-19\/","title":{"rendered":"El foro de Sintra del BCE debatir\u00e1 los retos de la pol\u00edtica monetaria post Covid-19"},"content":{"rendered":"<p>La cita, que durar\u00e1 dos d\u00edas,<strong> arrancar\u00e1 al inicio de la tarde de este martes con el discurso inaugural de la presidenta del BCE<\/strong>, Christine Largarde, y seguir\u00e1 con varios paneles de discusi\u00f3n. Durante el evento se contemplar\u00e1n las implicaciones econ\u00f3micas m\u00e1s amplias de la pandemia de coronavirus (COVID-19) y se debatir\u00e1 sobre los futuros retos de la pol\u00edtica monetaria.<\/p>\n<p>La agenda contempla temas como el futuro de la inflaci\u00f3n, el empleo y los efectos distributivos de la pol\u00edtica monetaria, as\u00ed como el v\u00ednculo entre la pol\u00edtica monetaria y el cambio clim\u00e1tico en un contexto europeo. Tambi\u00e9n se reflexionar\u00e1 sobre el papel del endeudamiento de las empresas en un mundo post-pand\u00e9mico y sobre los cambios estructurales potencialmente duraderos provocados por la pandemia en todos los sectores empresariales.<\/p>\n<p>Tras la sesi\u00f3n inaugural de Lagarde, este martes a las 14,00 horas, seguir\u00e1 una jornada dedicada a las <strong>perspectivas micro y macroecon\u00f3micas del endeudamiento de las empresas<\/strong>. El mi\u00e9rcoles, las mesas redondas se centrar\u00e1n en el <strong>cambio estructural e implicaciones del cambio clim\u00e1tico para la pol\u00edtica monetaria<\/strong> y el foro cerrar\u00e1, como es habitual, con el panel de pol\u00edtica monetaria, en el que participan, junto a Lagarde, los gobernadores del Banco de Inglaterra, Andrew Bailey, y de Jap\u00f3n, Haruhiko Kuroda, y el presidente de la Reserva Federal (Fed) de Estados Unidos, Jerome Powell.<\/p>\n<p>&#013;<br \/>\nSource: Bolsamania.com<\/p>\n","protected":false},"excerpt":{"rendered":"<p>La cita, que durar\u00e1 dos d\u00edas, arrancar\u00e1 al inicio de la tarde de este martes con el discurso inaugural de&#8230;<\/p>\n","protected":false},"author":3,"featured_media":0,"comment_status":"open","ping_status":"closed","sticky":false,"template":"","format":"standard","meta":[],"categories":[104],"tags":[99],"_links":{"self":[{"href":"https:\/\/tuavaluo.com\/avaluo\/wp-json\/wp\/v2\/posts\/43480"}],"collection":[{"href":"https:\/\/tuavaluo.com\/avaluo\/wp-json\/wp\/v2\/posts"}],"about":[{"href":"https:\/\/tuavaluo.com\/avaluo\/wp-json\/wp\/v2\/types\/post"}],"author":[{"embeddable":true,"href":"https:\/\/tuavaluo.com\/avaluo\/wp-json\/wp\/v2\/users\/3"}],"replies":[{"embeddable":true,"href":"https:\/\/tuavaluo.com\/avaluo\/wp-json\/wp\/v2\/comments?post=43480"}],"version-history":[{"count":0,"href":"https:\/\/tuavaluo.com\/avaluo\/wp-json\/wp\/v2\/posts\/43480\/revisions"}],"wp:attachment":[{"href":"https:\/\/tuavaluo.com\/avaluo\/wp-json\/wp\/v2\/media?parent=43480"}],"wp:term":[{"taxonomy":"category","embeddable":true,"href":"https:\/\/tuavaluo.com\/avaluo\/wp-json\/wp\/v2\/categories?post=43480"},{"taxonomy":"post_tag","embeddable":true,"href":"https:\/\/tuavaluo.com\/avaluo\/wp-json\/wp\/v2\/tags?post=43480"}],"curies":[{"name":"wp","href":"https:\/\/api.w.org\/{rel}","templated":true}]}}