{"id":44728,"date":"2021-10-22T04:00:00","date_gmt":"2021-10-22T04:00:00","guid":{"rendered":"https:\/\/tuavaluo.com\/avaluo\/2021\/10\/22\/los-entresijos-de-la-sustitucion-de-weidmann-de-los-lios-politicos-a-los-candidatos\/"},"modified":"2021-10-22T04:00:00","modified_gmt":"2021-10-22T04:00:00","slug":"los-entresijos-de-la-sustitucion-de-weidmann-de-los-lios-politicos-a-los-candidatos","status":"publish","type":"post","link":"https:\/\/tuavaluo.com\/avaluo\/2021\/10\/22\/los-entresijos-de-la-sustitucion-de-weidmann-de-los-lios-politicos-a-los-candidatos\/","title":{"rendered":"Los entresijos de la sustituci\u00f3n de Weidmann: de los l\u00edos pol\u00edticos a los candidatos"},"content":{"rendered":"<p>Para analizar qu\u00e9 es lo que ocurrir\u00e1 finalmente hay que <strong>tener presente la situaci\u00f3n pol\u00edtica en la que se encuentra Alemania<\/strong> -inmersa en las negociaciones para sacar adelante una coalici\u00f3n de Gobierno-, dado que es el Ejecutivo alem\u00e1n quien nombra el jefe del Bundesbank, que a su vez es designado formalmente por el presidente de turno del pa\u00eds.<\/p>\n<p>Visto que las negociaciones pueden extenderse a\u00fan m\u00e1s en el tiempo, es posible que el Gobierno saliente de Angela Merkel (CDU\/CSU y SPD) sea el que acabe nombrando a un sucesor antes de que se cierre la probable coalici\u00f3n &#8216;sem\u00e1foro&#8217; formada por el SPD, los Verdes y el FDP. Sin embargo, los expertos de la firma germana Berenberg creen que el hecho de que sea el antiguo o el nuevo Gobierno quien elija al sucesor <strong>no supondr\u00e1 una gran diferencia<\/strong>.<\/p>\n<p>\u00abLa coalici\u00f3n de turno tendr\u00eda que ponerse de acuerdo sobre un candidato para un puesto de tan alto nivel. El cualquier caso, Olaf Scholz, candidato del SPD y actual ministro de Econom\u00eda alem\u00e1n, desempe\u00f1ar\u00eda un papel decisivo. Por lo tanto, <strong>el candidato tendr\u00eda que ser aceptable tanto para el centro izquierda<\/strong> (SPD o SPD m\u00e1s Los Verdes) <strong>como para el centro derecha<\/strong> (CDU\/CSU en el Gobierno antiguo o FDP en la nueva coalici\u00f3n).<\/p>\n<h3>&#8216;CAMBIO DE CROMOS&#8217;<\/h3>\n<p>Sin embargo, Berenberg se\u00f1ala que esta elecci\u00f3n de sustituto de Weidmann debe enmarcarse en <strong>un \u00abtira y afloja\u00bb m\u00e1s amplio en el que se negociar\u00e1n muchos puestos <\/strong>(qui\u00e9n ser\u00e1 el ministro de Econom\u00eda, qui\u00e9n obtendr\u00e1 otros cargos en el nuevo Gobierno, qui\u00e9n ser\u00e1 el pr\u00f3ximo presidente del pa\u00eds&#8230;). De este modo, un partido puede insistir en un candidato para el Bundesbank que no sea del agrado de los otros partidos de la coalici\u00f3n si, a cambio, estos otros partidos consiguen sus propios deseos. Por ejemplo, el FDP lograr\u00eda que Christian Lindner fuera ministro de Econom\u00eda a cambio de que el SPD y Los Verdes tomen la iniciativa en el nombramiento del jefe del Bundesbank.<\/p>\n<p>En todo caso, estos economistas reconocen que <strong>la elecci\u00f3n de un candidato que se considere demasiado blanco o demasiado duro parece menos probable que un candidato de la corriente principal<\/strong> que sea aceptable para todos los partidos del Gobierno. \u00abAdem\u00e1s, si Scholz eligiera a un candidato considerado demasiado &#8216;dovish&#8217; (partidario de una pol\u00edtica monetaria acomodaticia), <strong>podr\u00eda enfrentarse a una reacci\u00f3n de la opini\u00f3n p\u00fablica alemana<\/strong>. Incluso podr\u00eda perder los votos del SPD en las pr\u00f3ximas elecciones estatales del a\u00f1o que viene si la CDU\/CSU alegara que Scholz no ha respetado suficientemente la tradici\u00f3n del Bundesbank con un candidato demasiado &#8216;dovish'\u00bb, explican desde Berenberg.<\/p>\n<h3>LOS POSIBLES SUCESORES<\/h3>\n<p>En opini\u00f3n de Berenberg, los posibles sucesores de Jens Weidmann son:<\/p>\n<p><strong><a href=\"https:\/\/www.bolsamania.com\/noticias\/economia\/isabel-schnabel-sustitutos-weidmann-bundesbank--8250374.html\" rel=\"noopener noreferrer\" target=\"_blank\" rel=\"nofollow\" >Isabel Schnabel<\/a>:<\/strong> desde que entr\u00f3 en el Comit\u00e9 Ejecutivo del BCE en 2020 se ha convertido en una fuerza importante dentro del banco central. M\u00e1s que ninguno de sus predecesores alemanes en el Comit\u00e9 Ejecutivo, <strong>ha explicado y defendido los fundamentos de las pol\u00edticas del BCE ante el p\u00fablico alem\u00e1n y de la eurozona<\/strong>. Si se trasladara al otro banco central de Fr\u00e1ncfort, el Bundesbank, otros posibles candidatos al puesto del Bundesbank podr\u00edan ser los candidatos a ocupar su actual puesto en el BCE. <strong>Sus puntos de vista parecen coincidir con la corriente principal del BCE<\/strong>. A diferencia de Weidmann, no se la considera una persona de perfil duro y, por lo tanto, ha podido dar forma al debate en el BCE.<\/p>\n<p><strong>Jakob von Weizs\u00e4cker:<\/strong> como economista jefe del Ministerio de Finanzas alem\u00e1n, colabora estrechamente con el actual ministro de Finanzas y probable futuro canciller Scholz. Como miembro destacado del Parlamento Europeo por el SPD desde 2014 y 2019, tambi\u00e9n <strong>est\u00e1 bastante bien considerado en el centro-derecha<\/strong>, ya que ha tendido puentes desde su SPD hacia el centro-derecha. Sus opiniones parecen estar cerca de la <strong><a href=\"https:\/\/www.bolsamania.com\/noticias\/economia\/lagarde-bce-transitoriedad-repunte-inflacion--8232018.html\" rel=\"noopener noreferrer\" target=\"_blank\" rel=\"nofollow\" >corriente principal del BCE<\/a><\/strong>.<\/p>\n<p><strong>Marcel Fratzscher:<\/strong> antes de convertirse en el director del instituto de investigaci\u00f3n econ\u00f3mica DIW en Berl\u00edn en 2013, dirigi\u00f3 la divisi\u00f3n de An\u00e1lisis de Pol\u00edtica Internacional en el BCE. Por tanto, es un candidato obvio. Pero como <strong>se le considera muy cercano al SPD<\/strong>, con puntos de vista que algunos en el centro-derecha encuentran partidistas, <strong>puede enfrentarse a las objeciones del centro-derecha<\/strong>. Sus puntos de vista pueden estar en el lado modesto de las &#8216;palomas&#8217; dentro del BCE<\/p>\n<p><strong>Claudia Buch:<\/strong> como vicepresidenta del Bundesbank, es una candidata obvia. Pero como <strong>ha mantenido un perfil bajo en su cargo, puede que no sea la opci\u00f3n obvia<\/strong> para los l\u00edderes pol\u00edticos que tomen la decisi\u00f3n en Berl\u00edn. Sus puntos de vista se situar\u00edan probablemente en el lado m\u00e1s beligerante del BCE, aunque probablemente no tan prominentemente beligerante como Weidmann.<\/p>\n<p><strong>Veronika Grimm:<\/strong> como miembro del consejo alem\u00e1n de asesores econ\u00f3micos desde 2020, se ha convertido en una voz prominente en el debate pol\u00edtico alem\u00e1n. Aunque <strong>su formaci\u00f3n es en pol\u00edtica energ\u00e9tica m\u00e1s que en pol\u00edtica monetaria<\/strong>, su posici\u00f3n en el consejo de asesores ha ampliado sus competencias. Adem\u00e1s, en medio de los debates sobre las posibilidades de una pol\u00edtica monetaria m\u00e1s ecol\u00f3gica, muchos en Berl\u00edn no ven como una desventaja sus profundos conocimientos sobre cuestiones ecol\u00f3gicas.<\/p>\n<p>En definitiva, Berenberg concluye que la dimisi\u00f3n de Weidmann <strong>no cambia sus perspectivas sobre la inflaci\u00f3n o la pol\u00edtica monetaria.<\/strong> \u00abTras un nuevo repunte en los pr\u00f3ximos meses y una vuelta a los tipos en torno al 1,5% a finales de 2022 impulsada en gran medida por los efectos de base, esperamos que la inflaci\u00f3n de la eurozona aumente hasta el 2% a finales de 2023, muy por encima de la proyecci\u00f3n del BCE de septiembre de 2021 de s\u00f3lo un 1,5% de inflaci\u00f3n para 2023. Como resultado, <strong>esperamos que el BCE elimine gradualmente sus compras de activos para septiembre de 2023 y suba los tipos por primera vez en diciembre de 2023&#8243;, anticipa.<\/strong><\/p>\n<p>&#013;<br \/>\nSource: Bolsamania.com<\/p>\n","protected":false},"excerpt":{"rendered":"<p>Para analizar qu\u00e9 es lo que ocurrir\u00e1 finalmente hay que tener presente la situaci\u00f3n pol\u00edtica en la que se encuentra&#8230;<\/p>\n","protected":false},"author":3,"featured_media":0,"comment_status":"open","ping_status":"closed","sticky":false,"template":"","format":"standard","meta":[],"categories":[104],"tags":[99],"_links":{"self":[{"href":"https:\/\/tuavaluo.com\/avaluo\/wp-json\/wp\/v2\/posts\/44728"}],"collection":[{"href":"https:\/\/tuavaluo.com\/avaluo\/wp-json\/wp\/v2\/posts"}],"about":[{"href":"https:\/\/tuavaluo.com\/avaluo\/wp-json\/wp\/v2\/types\/post"}],"author":[{"embeddable":true,"href":"https:\/\/tuavaluo.com\/avaluo\/wp-json\/wp\/v2\/users\/3"}],"replies":[{"embeddable":true,"href":"https:\/\/tuavaluo.com\/avaluo\/wp-json\/wp\/v2\/comments?post=44728"}],"version-history":[{"count":0,"href":"https:\/\/tuavaluo.com\/avaluo\/wp-json\/wp\/v2\/posts\/44728\/revisions"}],"wp:attachment":[{"href":"https:\/\/tuavaluo.com\/avaluo\/wp-json\/wp\/v2\/media?parent=44728"}],"wp:term":[{"taxonomy":"category","embeddable":true,"href":"https:\/\/tuavaluo.com\/avaluo\/wp-json\/wp\/v2\/categories?post=44728"},{"taxonomy":"post_tag","embeddable":true,"href":"https:\/\/tuavaluo.com\/avaluo\/wp-json\/wp\/v2\/tags?post=44728"}],"curies":[{"name":"wp","href":"https:\/\/api.w.org\/{rel}","templated":true}]}}