{"id":44814,"date":"2021-10-24T04:00:00","date_gmt":"2021-10-24T04:00:00","guid":{"rendered":"https:\/\/tuavaluo.com\/avaluo\/2021\/10\/24\/tres-valores-del-mercado-espanol-que-estan-para-entrar-ahora\/"},"modified":"2021-10-24T04:00:00","modified_gmt":"2021-10-24T04:00:00","slug":"tres-valores-del-mercado-espanol-que-estan-para-entrar-ahora","status":"publish","type":"post","link":"https:\/\/tuavaluo.com\/avaluo\/2021\/10\/24\/tres-valores-del-mercado-espanol-que-estan-para-entrar-ahora\/","title":{"rendered":"Tres valores del mercado espa\u00f1ol que est\u00e1n para entrar ahora"},"content":{"rendered":"<h3>ROVI<\/h3>\n<p>Poco a poco va dejando atr\u00e1s todo el asunto de las vacunas de Moderna contaminadas que estall\u00f3 en agosto y que <strong>ya parece que se da por olvidado<\/strong> una vez que todos los implicados (la propia Moderna, Takeda y Rovi) han explicado lo que sucedi\u00f3. En cuanto a las muertes que en principio se relacionaron con dicha contaminaci\u00f3n, parece que no se produjeron debido a este motivo.<\/p>\n<p>Por otro lado, Rovi ha sido noticia esta semana porque la FDA (Food and Drug Administration) de EEUU ha decidido <strong><a href=\"https:\/\/www.bolsamania.com\/noticias\/empresas\/la-fda-estadounidense-retrasa-la-decision-sobre-risperidona-de-rovi--8257173.html\" rel=\"noopener noreferrer\" target=\"_blank\" rel=\"nofollow\" >retrasar la toma de una decisi\u00f3n sobre su f\u00e1rmaco Risperidona<\/a><\/strong>. El valor no ha sufrido especialmente en bolsa debido a esta noticia. Dicen los expertos que el impacto negativo de este asunto es limitado, dado que el retraso se debe a las restricciones de movilidad por el Covid y se espera que no haya problemas finalmente en el proceso de aprobaci\u00f3n.<\/p>\n<p>Desde el punto de vista t\u00e9cnico, Nuez explica que Rovi parece haberse recuperado de las ca\u00eddas que sufri\u00f3 en agosto despu\u00e9s de cerca de dos meses de movimiento lateral. \u00abEl aumento de volumen en las \u00faltimas sesiones le est\u00e1 permitiendo <strong>romper la resistencia de los 59,9 euros<\/strong>, lo que nos hace pensar en que podr\u00eda acabar cubriendo el hueco bajista que se dej\u00f3 el 26 de agosto en los 65 euros, lo que <strong>supone un 8% de subida desde los niveles actuales<\/strong>\u00ab, apunta.<\/p>\n<div class=\"extensible fullWidth\" data-toggle=\"modal\" data-target=\"#headerModal\" data-uri=\"https:\/\/img4.s3wfg.com\/web\/img\/images_uploaded\/a\/c\/n221021rovi.gif\">\n<figure><img class=\"fullWidth\" title=\"n221021rovi\" src=\"https:\/\/tuavaluo.com\/avaluo\/wp-content\/uploads\/2021\/10\/n221021rovi.gif\" alt=\"n221021rovi\" data-id=\"1021051\" \/><figcaption>Gr\u00e1fico diario de Rovi.<\/figcaption><span \/><\/figure>\n<\/div>\n<h3>REPSOL<\/h3>\n<p>Repsol publica sus resultados de los nueve primeros meses del a\u00f1o y del tercer trimestre el pr\u00f3ximo 28 de octubre. La petrolera aprovechar\u00e1 a buen seguro el anuncio de sus cuentas para seguir ahondando en sus planes renovables, despu\u00e9s de comunicar hace una semana que <strong><a href=\"https:\/\/www.bolsamania.com\/noticias\/empresas\/repsol-invertira-2549-millones-2030-impulsar-hidrogeno-renovable--8219804.html\" rel=\"noopener noreferrer\" target=\"_blank\" rel=\"nofollow\" >invertir\u00e1 2.549 millones hasta 2030 para impulsar el hidr\u00f3geno verde<\/a><\/strong>. Adem\u00e1s, el tema de la crisis energ\u00e9tica tambi\u00e9n estar\u00e1 presente muy probablemente en la presentaci\u00f3n de sus cifras. El consejo delegado, Josu Jon Imaz, ha dicho esta semana que <strong><a href=\"https:\/\/www.bolsamania.com\/noticias\/empresas\/jon-imaz-no-es-de-recibo-parar-porque-no-se-puedan-afrontar-los-costes-energeticos--8262266.html\" rel=\"noopener noreferrer\" target=\"_blank\" rel=\"nofollow\" >\u00abno es de recibo\u00bb que haya industrias que tengan que \u00abparar porque no pueden afrontar los costes energ\u00e9ticos\u00bb.<\/a><\/strong><\/p>\n<p>En cuanto a su aspecto t\u00e9cnico, la petrolera consegu\u00eda perforar los m\u00e1ximos anuales a principios de mes. Tras varias semanas de movimiento lateral, podr\u00eda estar dando forma a una figura de continuaci\u00f3n de tendencia. \u00ab<strong>En cualquier momento podr\u00eda iniciar un nuevo impulso alcista que le llevar\u00eda hasta el nivel de los 12,84 euros<\/strong>, unos precios un 11% por encima de los precios actuales de cotizaci\u00f3n\u00bb, se\u00f1ala C\u00e9sar Nuez.<\/p>\n<div class=\"extensible fullWidth\" data-toggle=\"modal\" data-target=\"#headerModal\" data-uri=\"https:\/\/img4.s3wfg.com\/web\/img\/images_uploaded\/2\/e\/n221021repsol.gif\">\n<figure><img class=\"fullWidth\" title=\"n221021repsol\" src=\"https:\/\/tuavaluo.com\/avaluo\/wp-content\/uploads\/2021\/10\/n221021repsol.gif\" alt=\"n221021repsol\" data-id=\"1021054\" \/><figcaption>Gr\u00e1fico diario de Repsol.<\/figcaption><span \/><\/figure>\n<\/div>\n<h3>FERROVIAL<\/h3>\n<p>BlackRock ha incrementado recientemente su posici\u00f3n en Ferrovial (tambi\u00e9n en ACS). As\u00ed, <strong><a href=\"https:\/\/www.bolsamania.com\/noticias\/empresas\/blackrock-aumenta-su-participacion-en-acs-y-ferrovial-coincidiendo-con-la-alternancia-de-los-mercados--8176343.html\" rel=\"noopener noreferrer\" target=\"_blank\" rel=\"nofollow\" >el fondo internacional ha pasado a controlar el 3,12% del capital<\/a><\/strong> en el grupo dirigido por Rafael del Pino. Los expertos de Bankinter (que tienen un consejo de &#8216;compra&#8217; sobre la compa\u00f1\u00eda, con un precio objetivo de 28 euros) destacan la \u00abs\u00f3lida\u00bb posici\u00f3n financiera de Ferrovial. Por otro lado, esta semana distintos medios han ahondado en lo que la constructora conseguir\u00eda con la venta de su divisi\u00f3n de Servicios, que se estima <strong>podr\u00eda reportarle unos 2.000 millones de euros<\/strong>.<\/p>\n<p>En cuanto a su gr\u00e1fico, dice C\u00e9sar Nuez que muestra <strong>\u00abuno de los mejores aspectos del Ibex\u00bb<\/strong> tras superar esta semana los m\u00e1ximos anuales que ten\u00eda en los 26,69 euros. \u00abDespu\u00e9s de varios meses de movimiento lateral parece que busca continuar con la tendencia alcista principal que se podr\u00eda <strong>extender tranquilamente hasta el nivel de los 29,50 euros<\/strong>, lo que supone una subida del 9% desde los precios actuales\u00bb, concluye el experto de Bolsaman\u00eda.<\/p>\n<div class=\"extensible fullWidth\" data-toggle=\"modal\" data-target=\"#headerModal\" data-uri=\"https:\/\/img6.s3wfg.com\/web\/img\/images_uploaded\/6\/1\/n221021ferrovial.gif\">\n<figure><img class=\"fullWidth\" title=\"n221021ferrovial\" src=\"https:\/\/tuavaluo.com\/avaluo\/wp-content\/uploads\/2021\/10\/n221021ferrovial.gif\" alt=\"n221021ferrovial\" data-id=\"1021048\" \/><figcaption>Gr\u00e1fico diario de Ferrovial.<\/figcaption><span \/><\/figure>\n<\/div>\n<p>&#013;<br \/>\nSource: Bolsamania.com<\/p>\n","protected":false},"excerpt":{"rendered":"<p>ROVI Poco a poco va dejando atr\u00e1s todo el asunto de las vacunas de Moderna contaminadas que estall\u00f3 en agosto&#8230;<\/p>\n","protected":false},"author":3,"featured_media":44815,"comment_status":"open","ping_status":"closed","sticky":false,"template":"","format":"standard","meta":[],"categories":[104],"tags":[99],"_links":{"self":[{"href":"https:\/\/tuavaluo.com\/avaluo\/wp-json\/wp\/v2\/posts\/44814"}],"collection":[{"href":"https:\/\/tuavaluo.com\/avaluo\/wp-json\/wp\/v2\/posts"}],"about":[{"href":"https:\/\/tuavaluo.com\/avaluo\/wp-json\/wp\/v2\/types\/post"}],"author":[{"embeddable":true,"href":"https:\/\/tuavaluo.com\/avaluo\/wp-json\/wp\/v2\/users\/3"}],"replies":[{"embeddable":true,"href":"https:\/\/tuavaluo.com\/avaluo\/wp-json\/wp\/v2\/comments?post=44814"}],"version-history":[{"count":0,"href":"https:\/\/tuavaluo.com\/avaluo\/wp-json\/wp\/v2\/posts\/44814\/revisions"}],"wp:featuredmedia":[{"embeddable":true,"href":"https:\/\/tuavaluo.com\/avaluo\/wp-json\/wp\/v2\/media\/44815"}],"wp:attachment":[{"href":"https:\/\/tuavaluo.com\/avaluo\/wp-json\/wp\/v2\/media?parent=44814"}],"wp:term":[{"taxonomy":"category","embeddable":true,"href":"https:\/\/tuavaluo.com\/avaluo\/wp-json\/wp\/v2\/categories?post=44814"},{"taxonomy":"post_tag","embeddable":true,"href":"https:\/\/tuavaluo.com\/avaluo\/wp-json\/wp\/v2\/tags?post=44814"}],"curies":[{"name":"wp","href":"https:\/\/api.w.org\/{rel}","templated":true}]}}