{"id":46152,"date":"2021-11-22T07:04:00","date_gmt":"2021-11-22T07:04:00","guid":{"rendered":"https:\/\/tuavaluo.com\/avaluo\/2021\/11\/22\/kkr-lanza-una-opa-de-10-800-millones-sobre-telecom-italia-con-una-prima-del-45\/"},"modified":"2021-11-22T07:04:00","modified_gmt":"2021-11-22T07:04:00","slug":"kkr-lanza-una-opa-de-10-800-millones-sobre-telecom-italia-con-una-prima-del-45","status":"publish","type":"post","link":"https:\/\/tuavaluo.com\/avaluo\/2021\/11\/22\/kkr-lanza-una-opa-de-10-800-millones-sobre-telecom-italia-con-una-prima-del-45\/","title":{"rendered":"KKR lanza una OPA de 10.800 millones sobre Telecom Italia, con una prima del 45%"},"content":{"rendered":"<p>El movimiento de KKR se produce en un momento en el que el consejero delegado de TIM, <strong>Luigi Gubitosi, lucha por su supervivencia<\/strong> tras ser criticado por su principal accionista, Vivendi, tras dos &#8216;profit warnings&#8217; (advertencias de beneficios) en tres meses, informa &#8216;Reuters&#8217;. &#8216;Bloomberg&#8217;, por su parte, subraya que la oferta podr\u00eda ser <strong>el comienzo de una lucha por el control de Telecom Italia<\/strong>, ya que aventura que la operaci\u00f3n probablemente encontrar\u00e1 la oposici\u00f3n de Vivendi.<\/p>\n<p>El consejo de administraci\u00f3n de TIM se reuni\u00f3 durante varias horas este domingo por la tarde, pero en una breve declaraci\u00f3n <strong>no dio ninguna indicaci\u00f3n sobre si apoyar\u00eda la propuesta<\/strong>. Se\u00f1al\u00f3 que KKR hab\u00eda calificado su acci\u00f3n como \u00abamistosa\u00bb y destinada a obtener el respaldo de la empresa y del Gobierno.<\/p>\n<p>El Tesoro italiano dijo que el inter\u00e9s extranjero por las empresas italianas <strong>es una \u00abnoticia positiva para el pa\u00eds\u00bb<\/strong> y que el mercado evaluar\u00eda la validez del plan de KKR en caso de que se materializara.<\/p>\n<p>El Gobierno seguir\u00e1 de cerca la evoluci\u00f3n de la situaci\u00f3n, centr\u00e1ndose en los planes para los activos de telefon\u00eda fija de TIM, que ser\u00edan clave para determinar si utiliza sus <strong>poderes de veto<\/strong>.<\/p>\n<p>Los distintos medios se\u00f1alan este lunes que <strong>la noticia \u00abrevoluciona el sector\u00bb<\/strong>. Habr\u00e1 que ver c\u00f3mo reaccionan las &#8216;telecos&#8217;, tambi\u00e9n Telef\u00f3nica, tras este anuncio.<\/p>\n<p>&#013;<br \/>\nSource: Bolsamania.com<\/p>\n","protected":false},"excerpt":{"rendered":"<p>El movimiento de KKR se produce en un momento en el que el consejero delegado de TIM, Luigi Gubitosi, lucha&#8230;<\/p>\n","protected":false},"author":3,"featured_media":0,"comment_status":"open","ping_status":"closed","sticky":false,"template":"","format":"standard","meta":[],"categories":[104],"tags":[99],"_links":{"self":[{"href":"https:\/\/tuavaluo.com\/avaluo\/wp-json\/wp\/v2\/posts\/46152"}],"collection":[{"href":"https:\/\/tuavaluo.com\/avaluo\/wp-json\/wp\/v2\/posts"}],"about":[{"href":"https:\/\/tuavaluo.com\/avaluo\/wp-json\/wp\/v2\/types\/post"}],"author":[{"embeddable":true,"href":"https:\/\/tuavaluo.com\/avaluo\/wp-json\/wp\/v2\/users\/3"}],"replies":[{"embeddable":true,"href":"https:\/\/tuavaluo.com\/avaluo\/wp-json\/wp\/v2\/comments?post=46152"}],"version-history":[{"count":0,"href":"https:\/\/tuavaluo.com\/avaluo\/wp-json\/wp\/v2\/posts\/46152\/revisions"}],"wp:attachment":[{"href":"https:\/\/tuavaluo.com\/avaluo\/wp-json\/wp\/v2\/media?parent=46152"}],"wp:term":[{"taxonomy":"category","embeddable":true,"href":"https:\/\/tuavaluo.com\/avaluo\/wp-json\/wp\/v2\/categories?post=46152"},{"taxonomy":"post_tag","embeddable":true,"href":"https:\/\/tuavaluo.com\/avaluo\/wp-json\/wp\/v2\/tags?post=46152"}],"curies":[{"name":"wp","href":"https:\/\/api.w.org\/{rel}","templated":true}]}}