{"id":46547,"date":"2021-11-30T07:18:00","date_gmt":"2021-11-30T07:18:00","guid":{"rendered":"https:\/\/tuavaluo.com\/avaluo\/2021\/11\/30\/powell-omicron-supone-un-riesgo-a-la-baja-para-la-economia-y-complica-la-inflacion\/"},"modified":"2021-11-30T07:18:00","modified_gmt":"2021-11-30T07:18:00","slug":"powell-omicron-supone-un-riesgo-a-la-baja-para-la-economia-y-complica-la-inflacion","status":"publish","type":"post","link":"https:\/\/tuavaluo.com\/avaluo\/2021\/11\/30\/powell-omicron-supone-un-riesgo-a-la-baja-para-la-economia-y-complica-la-inflacion\/","title":{"rendered":"Powell: \u00d3micron supone un riesgo a la baja para la econom\u00eda y complica la inflaci\u00f3n"},"content":{"rendered":"<p>\u00abEl reciente aumento de los casos de Covid-19 y la aparici\u00f3n de la variante omicr\u00f3n suponen riesgos a la baja para el empleo y la actividad econ\u00f3mica y un aumento de la incertidumbre para la inflaci\u00f3n\u00bb, afirmar\u00e1 Powell en las declaraciones que tiene previsto hacer ante los legisladores del Senado el martes y que se han publicado ya por parte de la Fed. \u00abUna mayor preocupaci\u00f3n por el virus podr\u00eda reducir la disposici\u00f3n de la gente a trabajar presencialmente, lo que <strong>ralentizar\u00eda el progreso en el mercado laboral e intensificar\u00eda las interrupciones en la cadena de suministro<\/strong>\u00ab.<\/p>\n<p>La secretaria del Tesoro, Janet Yellen, se unir\u00e1 a Powell el martes en su comparecencia ante el Comit\u00e9 Bancario del Senado. El jefe de la Fed y la secretaria del Tesoro deben informar al Congreso cada trimestre natural como parte de la legislaci\u00f3n de alivio econ\u00f3mico de marzo de 2020 que ampli\u00f3 los programas de pr\u00e9stamos de emergencia del banco central.<\/p>\n<p>El jefe de la Fed tambi\u00e9n ofrecer\u00e1 comentarios directos sobre la inflaci\u00f3n, diciendo que es un reto pronosticar la persistencia y el impacto de las limitaciones de la oferta, pero que ahora parece que <strong>\u00ablos factores que empujan la inflaci\u00f3n al alza persistir\u00e1n hasta bien entrado el pr\u00f3ximo a\u00f1o\u00bb<\/strong>.<\/p>\n<p>Se\u00f1al\u00f3 que muchos pronosticadores, incluidos algunos de la Fed, prev\u00e9n que la inflaci\u00f3n se reducir\u00e1 \u00absignificativamente\u00bb durante el pr\u00f3ximo a\u00f1o, a medida que las cadenas de suministro abultadas superen el enfriamiento de la demanda de bienes.<\/p>\n<p>&#013;<br \/>\nSource: Bolsamania.com<\/p>\n","protected":false},"excerpt":{"rendered":"<p>\u00abEl reciente aumento de los casos de Covid-19 y la aparici\u00f3n de la variante omicr\u00f3n suponen riesgos a la baja&#8230;<\/p>\n","protected":false},"author":3,"featured_media":0,"comment_status":"open","ping_status":"closed","sticky":false,"template":"","format":"standard","meta":[],"categories":[104],"tags":[99],"_links":{"self":[{"href":"https:\/\/tuavaluo.com\/avaluo\/wp-json\/wp\/v2\/posts\/46547"}],"collection":[{"href":"https:\/\/tuavaluo.com\/avaluo\/wp-json\/wp\/v2\/posts"}],"about":[{"href":"https:\/\/tuavaluo.com\/avaluo\/wp-json\/wp\/v2\/types\/post"}],"author":[{"embeddable":true,"href":"https:\/\/tuavaluo.com\/avaluo\/wp-json\/wp\/v2\/users\/3"}],"replies":[{"embeddable":true,"href":"https:\/\/tuavaluo.com\/avaluo\/wp-json\/wp\/v2\/comments?post=46547"}],"version-history":[{"count":0,"href":"https:\/\/tuavaluo.com\/avaluo\/wp-json\/wp\/v2\/posts\/46547\/revisions"}],"wp:attachment":[{"href":"https:\/\/tuavaluo.com\/avaluo\/wp-json\/wp\/v2\/media?parent=46547"}],"wp:term":[{"taxonomy":"category","embeddable":true,"href":"https:\/\/tuavaluo.com\/avaluo\/wp-json\/wp\/v2\/categories?post=46547"},{"taxonomy":"post_tag","embeddable":true,"href":"https:\/\/tuavaluo.com\/avaluo\/wp-json\/wp\/v2\/tags?post=46547"}],"curies":[{"name":"wp","href":"https:\/\/api.w.org\/{rel}","templated":true}]}}