{"id":46644,"date":"2021-12-01T12:22:40","date_gmt":"2021-12-01T12:22:40","guid":{"rendered":"https:\/\/tuavaluo.com\/avaluo\/2021\/12\/01\/el-ceo-de-biontech-pide-calma-ante-las-dudas-sobre-la-vacuna-y-omicron\/"},"modified":"2021-12-01T12:22:40","modified_gmt":"2021-12-01T12:22:40","slug":"el-ceo-de-biontech-pide-calma-ante-las-dudas-sobre-la-vacuna-y-omicron","status":"publish","type":"post","link":"https:\/\/tuavaluo.com\/avaluo\/2021\/12\/01\/el-ceo-de-biontech-pide-calma-ante-las-dudas-sobre-la-vacuna-y-omicron\/","title":{"rendered":"El CEO de BioNTech pide &quot;calma&quot; ante las dudas sobre la vacuna y \u00d3micron"},"content":{"rendered":"<div class=\"read-more-links\">\n<h5>Noticia relacionada<\/h5>\n<p><a class=\"readMore\" href=\"https:\/\/www.bolsamania.com\/noticias\/sanidad\/la-vacuna-de-moderna-de-la-variante-omicron-podria-estar-lista-a-principios-de-2022--8698800.html\" rel=\"noopener noreferrer\" target=\"_blank\" data-id=\"8698800\" rel=\"nofollow\" ><\/p>\n<figure><img class=\"lazy\" title=\"Leer m&#xE1;s\" data-original=\"https:\/\/img5.s3wfg.com\/web\/img\/images_uploaded\/d\/e\/ep_archivo_-_dosis_de_la_vacuna_de_moderna_285x185.jpg\" data-src=\"https:\/\/img5.s3wfg.com\/web\/img\/images_uploaded\/d\/e\/ep_archivo_-_dosis_de_la_vacuna_de_moderna_285x185.jpg\" \/><\/figure>\n<p>La vacuna de Moderna de la variante \u00d3micron podr\u00eda llegar a principios de 2022 <\/a><\/div>\n<p>Seg\u00fan ha explicado, la nueva variante \u00d3micron podr\u00eda eludir los anticuerpos generados por las vacunas, lo que reducir\u00eda la eficacia frente a los contagios, pero <strong>existe un segundo nivel de respuesta inmunitaria, <\/strong>las &#8216;c\u00e9lulas T&#8217;, cuya protecci\u00f3n \u201cdif\u00edcilmente podr\u00e1 evadir completamente\u201d la nueva variante.<\/p>\n<p>El experto ha se\u00f1alado que <strong>los anticuerpos suelen disminuir con el paso del tiempo<\/strong> tras la segunda dosis y crece la vulnerabilidad ante las mutaciones m\u00e1s contagiosas, pero ha declarado que las &#8216;c\u00e9lulas T&#8217; todav\u00eda se movilizan para destruir el virus.<\/p>\n<p>Es por ello, seg\u00fan ha explicado, que la variante Delta ha demostrado ser m\u00e1s infecciosa que las anteriores, pero la gran mayor\u00eda de las personas vacunadas que resultan infectadas sufren cuadros leves de la enfermedad.<\/p>\n<p>Sahin ha recordado que<strong> la peligrosidad de \u00d3micron \u201ctodav\u00eda est\u00e1 siendo investigada\u201d<\/strong>, si bien ha calculado que los resultados estar\u00edan listos \u201cen dos semanas\u201d. De momento, <strong>ha pedido \u201cce\u00f1irse al plan\u201d de administrar una tercera inyecci\u00f3n<\/strong>. \u201cSi necesitaremos o no una protecci\u00f3n adicional mediante una vacuna adaptada, esto est\u00e1 por ver, m\u00e1s adelante\u201d, ha declarado.<\/p>\n<p>La perspectiva de Sahin es m\u00e1s optimista que la ofrecida por el consejero delegado de Moderna, St\u00e9phane Bancel, quien indic\u00f3 que <strong>habr\u00e1 una \u201cca\u00edda significativa\u201d en la efectividad de las vacunas actuales<\/strong>. \u201cNo creo, que [la eficacia] sea del mismo nivel&#8230; que tuvimos con Delta\u201d, declar\u00f3. Los comentarios de Bancel han sacudido a los mercados, haciendo bajar las acciones y los precios del petr\u00f3leo.<\/p>\n<p>&#013;<br \/>\nSource: Bolsamania.com<\/p>\n","protected":false},"excerpt":{"rendered":"<p>Noticia relacionada La vacuna de Moderna de la variante \u00d3micron podr\u00eda llegar a principios de 2022 Seg\u00fan ha explicado, la&#8230;<\/p>\n","protected":false},"author":3,"featured_media":46645,"comment_status":"open","ping_status":"closed","sticky":false,"template":"","format":"standard","meta":[],"categories":[104],"tags":[99],"_links":{"self":[{"href":"https:\/\/tuavaluo.com\/avaluo\/wp-json\/wp\/v2\/posts\/46644"}],"collection":[{"href":"https:\/\/tuavaluo.com\/avaluo\/wp-json\/wp\/v2\/posts"}],"about":[{"href":"https:\/\/tuavaluo.com\/avaluo\/wp-json\/wp\/v2\/types\/post"}],"author":[{"embeddable":true,"href":"https:\/\/tuavaluo.com\/avaluo\/wp-json\/wp\/v2\/users\/3"}],"replies":[{"embeddable":true,"href":"https:\/\/tuavaluo.com\/avaluo\/wp-json\/wp\/v2\/comments?post=46644"}],"version-history":[{"count":0,"href":"https:\/\/tuavaluo.com\/avaluo\/wp-json\/wp\/v2\/posts\/46644\/revisions"}],"wp:featuredmedia":[{"embeddable":true,"href":"https:\/\/tuavaluo.com\/avaluo\/wp-json\/wp\/v2\/media\/46645"}],"wp:attachment":[{"href":"https:\/\/tuavaluo.com\/avaluo\/wp-json\/wp\/v2\/media?parent=46644"}],"wp:term":[{"taxonomy":"category","embeddable":true,"href":"https:\/\/tuavaluo.com\/avaluo\/wp-json\/wp\/v2\/categories?post=46644"},{"taxonomy":"post_tag","embeddable":true,"href":"https:\/\/tuavaluo.com\/avaluo\/wp-json\/wp\/v2\/tags?post=46644"}],"curies":[{"name":"wp","href":"https:\/\/api.w.org\/{rel}","templated":true}]}}