{"id":47188,"date":"2021-12-14T15:20:46","date_gmt":"2021-12-14T15:20:46","guid":{"rendered":"https:\/\/tuavaluo.com\/avaluo\/2021\/12\/14\/asi-seran-los-resultados-de-inditex-estas-son-las-claves-de-sus-cuentas\/"},"modified":"2021-12-14T15:20:46","modified_gmt":"2021-12-14T15:20:46","slug":"asi-seran-los-resultados-de-inditex-estas-son-las-claves-de-sus-cuentas","status":"publish","type":"post","link":"https:\/\/tuavaluo.com\/avaluo\/2021\/12\/14\/asi-seran-los-resultados-de-inditex-estas-son-las-claves-de-sus-cuentas\/","title":{"rendered":"As\u00ed ser\u00e1n los resultados de Inditex: estas son las claves de sus cuentas"},"content":{"rendered":"<p>Los \u00faltimos resultados que public\u00f3 la compa\u00f1\u00eda eran los referidos a <strong><a href=\"https:\/\/www.bolsamania.com\/noticias\/empresas\/inditex-gana-1272-millones-primer-semestre-ventas-suben-49--8091365.html\" target=\"_blank\"  rel=\"nofollow\" >los primeros seis meses del a\u00f1o<\/a><\/strong>, en los que tambi\u00e9n cerr\u00f3 un trimestre de r\u00e9cord. Gan\u00f3 1.272 millones de euros, con unas ventas que se quedaron cerca de los <strong>12.000 millones de euros<\/strong>, un 49% superiores a las del mismo periodo de 2020.<\/p>\n<div class=\"read-more-links\">\n<h5>Noticia relacionada<\/h5>\n<p><a class=\"readMore\" href=\"https:\/\/www.bolsamania.com\/noticias\/empresas\/inditex-gana-1272-millones-primer-semestre-ventas-suben-49--8091365.html\" rel=\"noopener noreferrer\" target=\"_blank\" data-id=\"8091365\" rel=\"nofollow\" ><\/p>\n<figure><img class=\"lazy\" title=\"Leer m&#xE1;s\" data-original=\"https:\/\/img3.s3wfg.com\/web\/img\/images_uploaded\/a\/4\/ep_archivo_-_zara_buque_insignia_del_grupo_inditex_285x185.jpg\" data-src=\"https:\/\/img3.s3wfg.com\/web\/img\/images_uploaded\/a\/4\/ep_archivo_-_zara_buque_insignia_del_grupo_inditex_285x185.jpg\" \/><\/figure>\n<p>Inditex gana 1.272 millones en el primer semestre y cierra un trimestre r\u00e9cord <\/a><\/div>\n<p>Para las cuentas que se har\u00e1n p\u00fablicas este mi\u00e9rcoles, los expertos esperan que se alcancen los <strong>7.290 millones de euros de ingresos por ventas<\/strong>, un 20,5% m\u00e1s que hace un a\u00f1o. Unas cifras parecidas a las que aportan desde Banco Sabadell, aunque sus analistas son algo m\u00e1s cautos.<\/p>\n<p>\u00ab<strong>Esperamos una ralentizaci\u00f3n del crecimiento de ventas<\/strong> en la segunda parte del trimestre de manera que podr\u00edan crecer un<strong> +19%<\/strong> a tipo de cambio constante\u00bb, dicen a este respecto. Asimismo, ponen el foco en que, de cumplirse estas previsiones, se estar\u00eda hablando de un incremento del<strong> 9% respecto al mismo trimestre de 2019<\/strong>, antes de la pandemia, una comparativa que resulta <strong>\u00abespecialmente positiva\u00bb<\/strong> ya que se conseguir\u00e1 \u00aba pesar de que algunas tiendas todav\u00eda ten\u00edan restricciones\u00bb. Sin embargo, parte de este crecimiento se perder\u00e1 al trasladarlo a euros por el impacto de la divisa, que podr\u00eda ser de <strong>-5 puntos porcentuales.<\/strong><\/p>\n<p>\u00abAdicionalmente pensamos que probablemente haya algo de <strong>demanda embalsada<\/strong> en los buenos datos de ventas de inicio de trimestre\u00bb, a\u00f1aden.<\/p>\n<p>Los expertos de Credit Suisse tambi\u00e9n piensan que se dar\u00e1 un incremento en las ventas en el tercer trimestre, aunque menos que la entidad espa\u00f1ola. Sus analistas calculan que <strong>crecer\u00e1n en el entorno del 10%<\/strong>, con una subida en el GM del 57,5% debido <strong>a un cambio de divisas favorable<\/strong>, la ausencia de inflaci\u00f3n en los costes de los insumos o del transporte y la baja reducci\u00f3n de precios.<\/p>\n<h3><strong>UNOS BENEFICIOS UN 6% POR ENCIMA DE LOS NIVELES PREPANDEMIA<\/strong><\/h3>\n<p>En cuanto al <strong>EBIT,<\/strong> el consenso del mercado prev\u00e9 que se alcanzar\u00e1n los <strong>1.639 millones de euros<\/strong>, un 43,4% m\u00e1s que hace un a\u00f1o. En cifras similares se mueven los analistas de Banco Sabadell, que prev\u00e9n que se alcance los <strong>1.641 millones de euros<\/strong> debido a las medidas adoptadas para<strong> reducir costes<\/strong>, que <strong>\u00abdeber\u00edan notarse positivamente<\/strong> de manera que esperamos mejora de m\u00e1rgenes\u00bb. Desde Credit Suisse, sin embargo, opinan que este indicador se incrementar\u00e1 un 22%.<\/p>\n<div class=\"read-more-links\">\n<h5>Noticia relacionada<\/h5>\n<p><a class=\"readMore\" href=\"https:\/\/www.bolsamania.com\/noticias\/empresas\/legado-pablo-isla-inditex-gran-prestigio-subidas-900-bolsa--8716178.html\" rel=\"noopener noreferrer\" target=\"_blank\" data-id=\"8716178\" rel=\"nofollow\" ><\/p>\n<figure><img class=\"lazy\" title=\"Leer m&#xE1;s\" data-original=\"https:\/\/img.s3wfg.com\/web\/img\/images_uploaded\/d\/9\/ep_el_presidente_ejecutivo_de_inditex_pablo_isla_285x185.jpg\" data-src=\"https:\/\/img.s3wfg.com\/web\/img\/images_uploaded\/d\/9\/ep_el_presidente_ejecutivo_de_inditex_pablo_isla_285x185.jpg\" \/><\/figure>\n<p>El legado de Pablo Isla en Inditex: gran prestigio y subidas del 900% en bolsa <\/a><\/div>\n<p>Por tanto, y tras analizar la situaci\u00f3n de Inditex, los expertos apuntan a que alcanzar\u00e1 unos <strong>beneficios despu\u00e9s de impuestos de 1.266 millones de euros<\/strong>, un 46,2% superiores a los del tercer trimestre de 2020. Banco Sabadell prev\u00e9 que esa cifra sea ligeramente menor, hasta los 1.258 millones de euros, lo que supondr\u00eda un alza del 45% respecto al a\u00f1o pasado y del <strong>6% en comparaci\u00f3n con los niveles anteriores a la pandemia<\/strong>.<\/p>\n<p>Ante esta situaci\u00f3n, desde Credit Suisse apuntan a un<strong> precio objetivo de 27 euros por acci\u00f3n<\/strong>, frente a los 26 del anterior informe. Desde Sabadell apuntan a los 32,14 euros y la recomendaci\u00f3n de vender.<\/p>\n<p>Los resultados oficiales de la compa\u00f1\u00eda se conocer\u00e1n este mi\u00e9rcoles y ser\u00e1n los primerocon <strong><a href=\"https:\/\/www.bolsamania.com\/noticias\/empresas\/marta-ortega-presidenta-inditex--8714438.html\" target=\"_blank\"  rel=\"nofollow\" >Marta Ortega<\/a><\/strong> al frente de la empresa, aunque su gesti\u00f3n a\u00fan no se habr\u00e1 notado, puesto que ella lleg\u00f3 al puesto hace unas semanas.<\/p>\n<p>&#013;<br \/>\nSource: Bolsamania.com<\/p>\n","protected":false},"excerpt":{"rendered":"<p>Los \u00faltimos resultados que public\u00f3 la compa\u00f1\u00eda eran los referidos a los primeros seis meses del a\u00f1o, en los que&#8230;<\/p>\n","protected":false},"author":3,"featured_media":47189,"comment_status":"open","ping_status":"closed","sticky":false,"template":"","format":"standard","meta":[],"categories":[104],"tags":[99],"_links":{"self":[{"href":"https:\/\/tuavaluo.com\/avaluo\/wp-json\/wp\/v2\/posts\/47188"}],"collection":[{"href":"https:\/\/tuavaluo.com\/avaluo\/wp-json\/wp\/v2\/posts"}],"about":[{"href":"https:\/\/tuavaluo.com\/avaluo\/wp-json\/wp\/v2\/types\/post"}],"author":[{"embeddable":true,"href":"https:\/\/tuavaluo.com\/avaluo\/wp-json\/wp\/v2\/users\/3"}],"replies":[{"embeddable":true,"href":"https:\/\/tuavaluo.com\/avaluo\/wp-json\/wp\/v2\/comments?post=47188"}],"version-history":[{"count":0,"href":"https:\/\/tuavaluo.com\/avaluo\/wp-json\/wp\/v2\/posts\/47188\/revisions"}],"wp:featuredmedia":[{"embeddable":true,"href":"https:\/\/tuavaluo.com\/avaluo\/wp-json\/wp\/v2\/media\/47189"}],"wp:attachment":[{"href":"https:\/\/tuavaluo.com\/avaluo\/wp-json\/wp\/v2\/media?parent=47188"}],"wp:term":[{"taxonomy":"category","embeddable":true,"href":"https:\/\/tuavaluo.com\/avaluo\/wp-json\/wp\/v2\/categories?post=47188"},{"taxonomy":"post_tag","embeddable":true,"href":"https:\/\/tuavaluo.com\/avaluo\/wp-json\/wp\/v2\/tags?post=47188"}],"curies":[{"name":"wp","href":"https:\/\/api.w.org\/{rel}","templated":true}]}}