{"id":47521,"date":"2021-12-21T08:24:04","date_gmt":"2021-12-21T08:24:04","guid":{"rendered":"https:\/\/tuavaluo.com\/avaluo\/2021\/12\/21\/merlin-properties-rebota-en-bolsa-pese-a-la-inestabilidad-en-el-mando-de-la-compania\/"},"modified":"2021-12-21T08:24:04","modified_gmt":"2021-12-21T08:24:04","slug":"merlin-properties-rebota-en-bolsa-pese-a-la-inestabilidad-en-el-mando-de-la-compania","status":"publish","type":"post","link":"https:\/\/tuavaluo.com\/avaluo\/2021\/12\/21\/merlin-properties-rebota-en-bolsa-pese-a-la-inestabilidad-en-el-mando-de-la-compania\/","title":{"rendered":"Merlin Properties rebota en bolsa pese a la &quot;inestabilidad en el mando de la compa\u00f1\u00eda&quot;"},"content":{"rendered":"<p>\u00ab<strong>Valoramos positivamente que Ismael Clemente no haya sido cesado<\/strong> porque goza del reconocimiento del sector y del mercado (la acci\u00f3n cay\u00f3 un -6%, antes de conocerse el resultado de la reuni\u00f3n del Consejo) aunque los eventos de ayer han dejado <strong>cierta sensaci\u00f3n de inestabilidad en el mando de la compa\u00f1\u00eda<\/strong>\u00ab, explican los analistas de <strong>Banco Sabadell<\/strong>, que aconsejan <strong>comprar<\/strong> el valor, con una valoraci\u00f3n de <strong>11,33 euros por acci\u00f3n<\/strong>.<\/p>\n<p>\u00abEn cualquier caso, <strong>nos parece que la acci\u00f3n est\u00e1 muy barata,<\/strong> cotizando con un <strong>descuento del 43% sobre el valor neto de sus activos (NAV)<\/strong>, por lo que reiteramos nuestra recomendaci\u00f3n de comprar\u00bb, a\u00f1aden.<\/p>\n<p>No piensan lo mismo los analistas de <strong>Bankinter<\/strong>, que <strong>han recortado su consejo de neutral a vender<\/strong>, con una valoraci\u00f3n de <strong>10 euros por acci\u00f3n<\/strong>. \u00abA la incertidumbre todav\u00eda elevada sobre los activos de oficinas y centros comerciales, que representan cerca del 70% de sus activos, <strong>se unen ahora las dudas sobre su equipo gestor<\/strong>\u00ab, explican estos expertos.<\/p>\n<p>\u00abTeniendo adem\u00e1s en cuenta que <strong>cotiza a niveles pr\u00f3ximos a nuestro precio objetivo<\/strong> (10,0 euros\/acci\u00f3n), tras revalorizarse con fuerza este a\u00f1o, <strong>bajamos recomendaci\u00f3n a vender desde neutral<\/strong>\u00ab, a\u00f1aden.<\/p>\n<p>&#013;<br \/>\nSource: Bolsamania.com<\/p>\n","protected":false},"excerpt":{"rendered":"<p>\u00abValoramos positivamente que Ismael Clemente no haya sido cesado porque goza del reconocimiento del sector y del mercado (la acci\u00f3n&#8230;<\/p>\n","protected":false},"author":3,"featured_media":0,"comment_status":"open","ping_status":"closed","sticky":false,"template":"","format":"standard","meta":[],"categories":[104],"tags":[99],"_links":{"self":[{"href":"https:\/\/tuavaluo.com\/avaluo\/wp-json\/wp\/v2\/posts\/47521"}],"collection":[{"href":"https:\/\/tuavaluo.com\/avaluo\/wp-json\/wp\/v2\/posts"}],"about":[{"href":"https:\/\/tuavaluo.com\/avaluo\/wp-json\/wp\/v2\/types\/post"}],"author":[{"embeddable":true,"href":"https:\/\/tuavaluo.com\/avaluo\/wp-json\/wp\/v2\/users\/3"}],"replies":[{"embeddable":true,"href":"https:\/\/tuavaluo.com\/avaluo\/wp-json\/wp\/v2\/comments?post=47521"}],"version-history":[{"count":0,"href":"https:\/\/tuavaluo.com\/avaluo\/wp-json\/wp\/v2\/posts\/47521\/revisions"}],"wp:attachment":[{"href":"https:\/\/tuavaluo.com\/avaluo\/wp-json\/wp\/v2\/media?parent=47521"}],"wp:term":[{"taxonomy":"category","embeddable":true,"href":"https:\/\/tuavaluo.com\/avaluo\/wp-json\/wp\/v2\/categories?post=47521"},{"taxonomy":"post_tag","embeddable":true,"href":"https:\/\/tuavaluo.com\/avaluo\/wp-json\/wp\/v2\/tags?post=47521"}],"curies":[{"name":"wp","href":"https:\/\/api.w.org\/{rel}","templated":true}]}}