{"id":47571,"date":"2021-12-21T20:01:17","date_gmt":"2021-12-21T20:01:17","guid":{"rendered":"https:\/\/tuavaluo.com\/avaluo\/2021\/12\/21\/jose-luis-martinez-almeida-y-teodoro-garcia-egea-dan-positivo-por-covid-19\/"},"modified":"2021-12-21T20:01:17","modified_gmt":"2021-12-21T20:01:17","slug":"jose-luis-martinez-almeida-y-teodoro-garcia-egea-dan-positivo-por-covid-19","status":"publish","type":"post","link":"https:\/\/tuavaluo.com\/avaluo\/2021\/12\/21\/jose-luis-martinez-almeida-y-teodoro-garcia-egea-dan-positivo-por-covid-19\/","title":{"rendered":"Jos\u00e9 Luis Mart\u00ednez Almeida y Teodoro Garcia Egea dan positivo por Covid-19"},"content":{"rendered":"<p dir=\"ltr\" lang=\"es\">\n<blockquote class=\"twitter-tweet\">\n<p dir=\"ltr\" lang=\"es\">Despu\u00e9s de un test de ant\u00edgenos y una PCR, me acaban de confirmar que soy positivo en COVID.<br \/>Van a ser unas Navidades diferentes, pero seguir\u00e9 cumpliendo con mi obligaci\u00f3n desde casa.<br \/>Por favor, cuidaos mucho.<\/p>\n<p>\u2014 Jos\u00e9 Luis Mart\u00ednez-Almeida (@AlmeidaPP_) <a href=\"https:\/\/twitter.com\/AlmeidaPP_\/status\/1473358970186526721?ref_src=twsrc%5Etfw\" target=\"_blank\"  rel=\"nofollow\" >December 21, 2021<\/a><\/p><\/blockquote>\n<blockquote class=\"twitter-tweet\">\n<p dir=\"ltr\" lang=\"es\">He dado positivo en Covid y pasar\u00e9 unos d\u00edas confinado. En la familia, todos bien. <br \/>Cuidaos mucho y extremad las precauciones.<\/p>\n<p>\u2014 Teodoro Garc\u00eda Egea (@TeoGarciaEgea) <a href=\"https:\/\/twitter.com\/TeoGarciaEgea\/status\/1473354199576588294?ref_src=twsrc%5Etfw\" target=\"_blank\"  rel=\"nofollow\" >December 21, 2021<\/a><\/p><\/blockquote>\n<p>Estos han sido los tweets publicados por los dos cargos del Partido Popular, que han llamado a la precauci\u00f3n y a pasar la Navidades con responsabilidad. Ambos se encuentran bien, junto con sus respectivas familias.<\/p>\n<p>Tras saber del positivo del secretario general de los populares, <strong>Pablo Casado<\/strong>, presidente del PP, se ha realizado una PCR, dando negativo, algo que ha hecho saber fuentes de la direcci\u00f3n nacional del partido, tras estar en contacto directo con Egea. Sin embargo, este contacto fue en todo momento con la mascarilla puesta.<\/p>\n<p>Adem\u00e1s, el Partido Popular ha afirmado que se gruir\u00e1n todos los protocolos del Covid-19 y que el resto de miembros del comit\u00e9 de direcci\u00f3n tambi\u00e9n \u00abrespetaron las medidas de precauci\u00f3n\u00bb.<\/p>\n<p>&#013;<br \/>\nSource: Bolsamania.com<\/p>\n","protected":false},"excerpt":{"rendered":"<p>Despu\u00e9s de un test de ant\u00edgenos y una PCR, me acaban de confirmar que soy positivo en COVID.Van a ser&#8230;<\/p>\n","protected":false},"author":3,"featured_media":0,"comment_status":"open","ping_status":"closed","sticky":false,"template":"","format":"standard","meta":[],"categories":[104],"tags":[99],"_links":{"self":[{"href":"https:\/\/tuavaluo.com\/avaluo\/wp-json\/wp\/v2\/posts\/47571"}],"collection":[{"href":"https:\/\/tuavaluo.com\/avaluo\/wp-json\/wp\/v2\/posts"}],"about":[{"href":"https:\/\/tuavaluo.com\/avaluo\/wp-json\/wp\/v2\/types\/post"}],"author":[{"embeddable":true,"href":"https:\/\/tuavaluo.com\/avaluo\/wp-json\/wp\/v2\/users\/3"}],"replies":[{"embeddable":true,"href":"https:\/\/tuavaluo.com\/avaluo\/wp-json\/wp\/v2\/comments?post=47571"}],"version-history":[{"count":0,"href":"https:\/\/tuavaluo.com\/avaluo\/wp-json\/wp\/v2\/posts\/47571\/revisions"}],"wp:attachment":[{"href":"https:\/\/tuavaluo.com\/avaluo\/wp-json\/wp\/v2\/media?parent=47571"}],"wp:term":[{"taxonomy":"category","embeddable":true,"href":"https:\/\/tuavaluo.com\/avaluo\/wp-json\/wp\/v2\/categories?post=47571"},{"taxonomy":"post_tag","embeddable":true,"href":"https:\/\/tuavaluo.com\/avaluo\/wp-json\/wp\/v2\/tags?post=47571"}],"curies":[{"name":"wp","href":"https:\/\/api.w.org\/{rel}","templated":true}]}}