{"id":48226,"date":"2022-01-06T18:46:54","date_gmt":"2022-01-06T18:46:54","guid":{"rendered":"https:\/\/tuavaluo.com\/avaluo\/2022\/01\/06\/australia-impide-el-acceso-a-djokovic-al-considerar-que-no-cumple-la-exencion-medica\/"},"modified":"2022-01-06T18:46:54","modified_gmt":"2022-01-06T18:46:54","slug":"australia-impide-el-acceso-a-djokovic-al-considerar-que-no-cumple-la-exencion-medica","status":"publish","type":"post","link":"https:\/\/tuavaluo.com\/avaluo\/2022\/01\/06\/australia-impide-el-acceso-a-djokovic-al-considerar-que-no-cumple-la-exencion-medica\/","title":{"rendered":"Australia impide el acceso a Djokovic al considerar que no cumple la &quot;exenci\u00f3n m\u00e9dica&quot;"},"content":{"rendered":"<p>Djokovic <strong>hab\u00eda viajado a Australia sin estar vacunado contra el Covid<\/strong>, donde aterriz\u00f3 este mi\u00e9rcoles. Varias horas despu\u00e9s, se encontraba todav\u00eda en la zona de frontera del aeropuerto, donde ha pasado la madrugada del jueves en horario local, seg\u00fan los medios australianos.<\/p>\n<p>Citando fuentes oficiales, la prensa local ha informado de que Nole no ha sido autorizado a entrar en el pa\u00eds porque <strong>ha cometido un error al rellenar su visado, al no especificar que ha recibido una exenci\u00f3n m\u00e9dica<\/strong>.<\/p>\n<p>Pero este no es el \u00fanico problema con su entrada, puesto que existen <strong>dudas sobre las causas m\u00e9dicas por las que ha recibido esa exenci\u00f3n<\/strong> y la documentaci\u00f3n que lo justifica.<\/p>\n<p>Al parecer, ya que se trata de un asunto m\u00e9dico sujeto a privacidad, Djokovic <strong>aleg\u00f3 haber pasado el Covid en los \u00faltimos meses para no vacunarse<\/strong> y poder recibir esta exenci\u00f3n, que se ha concedido a un grupo muy reducido de tenistas.<\/p>\n<p>La solicitud de Djokovic para entrar en el pa\u00eds fue rechazada finalmente porque <strong>no proporcionaba \u00ablas pruebas adecuadas\u00bb<\/strong>. La polic\u00eda australiana dijo que se est\u00e1n asegurando de que todos las personas que lleguen a sus fronteras cumplan con las leyes y los requisitos de entrada.<\/p>\n<p>Los abogados del serbio han apelado ante la Justicia australiana, que ha pospuesto su decisi\u00f3n al pr\u00f3ximo lunes en la que se deber\u00e1 esclarecer por qu\u00e9 se permiti\u00f3 al principio su entrada y posteriormente la Fuerza Fronteriza Australiana cancel\u00f3 su visado. <\/p>\n<p>Seg\u00fan datos de la ATP que recoge &#8216;Efe&#8217;, pr\u00e1cticamente el 100% de los primeros 100 tenistas del mundo han recibido ya las dos dosis de la vacuna, que era requisito imprescindible para entrar a Australia.<\/p>\n<p>&#013;<br \/>\nSource: Bolsamania.com<\/p>\n","protected":false},"excerpt":{"rendered":"<p>Djokovic hab\u00eda viajado a Australia sin estar vacunado contra el Covid, donde aterriz\u00f3 este mi\u00e9rcoles. Varias horas despu\u00e9s, se encontraba&#8230;<\/p>\n","protected":false},"author":3,"featured_media":0,"comment_status":"open","ping_status":"closed","sticky":false,"template":"","format":"standard","meta":[],"categories":[104],"tags":[99],"_links":{"self":[{"href":"https:\/\/tuavaluo.com\/avaluo\/wp-json\/wp\/v2\/posts\/48226"}],"collection":[{"href":"https:\/\/tuavaluo.com\/avaluo\/wp-json\/wp\/v2\/posts"}],"about":[{"href":"https:\/\/tuavaluo.com\/avaluo\/wp-json\/wp\/v2\/types\/post"}],"author":[{"embeddable":true,"href":"https:\/\/tuavaluo.com\/avaluo\/wp-json\/wp\/v2\/users\/3"}],"replies":[{"embeddable":true,"href":"https:\/\/tuavaluo.com\/avaluo\/wp-json\/wp\/v2\/comments?post=48226"}],"version-history":[{"count":0,"href":"https:\/\/tuavaluo.com\/avaluo\/wp-json\/wp\/v2\/posts\/48226\/revisions"}],"wp:attachment":[{"href":"https:\/\/tuavaluo.com\/avaluo\/wp-json\/wp\/v2\/media?parent=48226"}],"wp:term":[{"taxonomy":"category","embeddable":true,"href":"https:\/\/tuavaluo.com\/avaluo\/wp-json\/wp\/v2\/categories?post=48226"},{"taxonomy":"post_tag","embeddable":true,"href":"https:\/\/tuavaluo.com\/avaluo\/wp-json\/wp\/v2\/tags?post=48226"}],"curies":[{"name":"wp","href":"https:\/\/api.w.org\/{rel}","templated":true}]}}