{"id":48391,"date":"2022-01-11T11:20:43","date_gmt":"2022-01-11T11:20:43","guid":{"rendered":"https:\/\/tuavaluo.com\/avaluo\/2022\/01\/11\/lagarde-asegura-que-el-bce-se-toma-muy-en-serio-la-subida-de-precios\/"},"modified":"2022-01-11T11:20:43","modified_gmt":"2022-01-11T11:20:43","slug":"lagarde-asegura-que-el-bce-se-toma-muy-en-serio-la-subida-de-precios","status":"publish","type":"post","link":"https:\/\/tuavaluo.com\/avaluo\/2022\/01\/11\/lagarde-asegura-que-el-bce-se-toma-muy-en-serio-la-subida-de-precios\/","title":{"rendered":"Lagarde asegura que el BCE &quot;se toma muy en serio&quot; la subida de precios"},"content":{"rendered":"<p>La ceremonia que marca el cambio de cargo se celebrar\u00e1 este martes y marcar\u00e1 la toma de posesi\u00f3n de Nagel. Est\u00e1 previsto que, adem\u00e1s de los dos banqueros centrales, est\u00e9n presentes la <strong>presidenta del Banco Central Europeo, Christine Lagarde<\/strong>, y el ministro germano de Finanzas, Christian Lindner.<\/p>\n<p>En su intervenci\u00f3n, Lagarde ha destacado los trabajos de revisi\u00f3n de la estrategia del BCE, concluidos el a\u00f1o pasado, ya que el banco central est\u00e1 \u00abbien situado para seguir garantizando la estabilidad de los precios en este mundo tan cambiante. Y esto es especialmente importante hoy en d\u00eda a la luz de la fase de mayor inflaci\u00f3n que estamos viendo\u00bb.<\/p>\n<p>\u00ab<strong>Entendemos que el aumento de los precios es una preocupaci\u00f3n para muchas personas<\/strong>, y nos tomamos esa preocupaci\u00f3n muy en serio. Pero los ciudadanos pueden confiar en que nuestro compromiso con la estabilidad de precios es inquebrantable, lo que es fundamental para el firme anclaje de las expectativas de inflaci\u00f3n y para la confianza en la moneda\u00bb, ha se\u00f1alado Lagarde.<\/p>\n<p>\u00abTodo el Consejo de Gobierno est\u00e1 unido en la consecuci\u00f3n de este objetivo. Al mismo tiempo, uno de los principales puntos fuertes del Eurosistema es la forma en que <strong>re\u00fane diferentes perspectivas para formar un consenso<\/strong>. La calidad del debate y la diversidad de opiniones garantizan la solidez de nuestras decisiones\u00bb, ha proseguido, para agregar que \u00abechar\u00e1 de menos\u00bb los debates con Weidmann y que espera seguir trabajando en la misma l\u00ednea con Nagel.<\/p>\n<p>Nagel, de 55 a\u00f1os y antiguo consejero del Bundesbank, <strong>ocupaba desde noviembre de 2020 la subdirecci\u00f3n del Departamento Bancario del Banco de Pagos Internacionales<\/strong> (BPI) y con anterioridad fue miembro del directorio del banco alem\u00e1n de desarrollo estatal KfW. Desde el 1 de enero ya es presidente del Bundesbank.<\/p>\n<p>Jens Weidmann solicit\u00f3 en octubre al presidente de Alemania, Frank-Walter Steinmeier, su destituci\u00f3n el pr\u00f3ximo 31 de diciembre como presidente del Bundesbank, el banco central alem\u00e1n, aduciendo \u00abmotivos personales\u00bb para su renuncia al cargo que desempe\u00f1aba desde mayo de 2011.<\/p>\n<p><strong>Weidmann hab\u00eda sido designado por el Gobierno alem\u00e1n en febrero de 2019<\/strong> para un segundo mandato de ocho a\u00f1os de duraci\u00f3n como presidente del Bundesbank.<\/p>\n<p>El banquero se convirti\u00f3 en 2011 y con solo 42 a\u00f1os en el presidente m\u00e1s joven del banco central alem\u00e1n, cargo al que, el entonces asesor econ\u00f3mico de Angela Merkel, accedi\u00f3 tras la repentina salida de Axel Weber al ver este frustrada su carrera hacia la presidencia del BCE, una vez acabado el mandato de Jean Claude Trichet, dando lugar al nombramiento de Mario Draghi como sucesor del banquero galo.<\/p>\n<p>&#013;<br \/>\nSource: Bolsamania.com<\/p>\n","protected":false},"excerpt":{"rendered":"<p>La ceremonia que marca el cambio de cargo se celebrar\u00e1 este martes y marcar\u00e1 la toma de posesi\u00f3n de Nagel&#8230;.<\/p>\n","protected":false},"author":3,"featured_media":0,"comment_status":"open","ping_status":"closed","sticky":false,"template":"","format":"standard","meta":[],"categories":[104],"tags":[99],"_links":{"self":[{"href":"https:\/\/tuavaluo.com\/avaluo\/wp-json\/wp\/v2\/posts\/48391"}],"collection":[{"href":"https:\/\/tuavaluo.com\/avaluo\/wp-json\/wp\/v2\/posts"}],"about":[{"href":"https:\/\/tuavaluo.com\/avaluo\/wp-json\/wp\/v2\/types\/post"}],"author":[{"embeddable":true,"href":"https:\/\/tuavaluo.com\/avaluo\/wp-json\/wp\/v2\/users\/3"}],"replies":[{"embeddable":true,"href":"https:\/\/tuavaluo.com\/avaluo\/wp-json\/wp\/v2\/comments?post=48391"}],"version-history":[{"count":0,"href":"https:\/\/tuavaluo.com\/avaluo\/wp-json\/wp\/v2\/posts\/48391\/revisions"}],"wp:attachment":[{"href":"https:\/\/tuavaluo.com\/avaluo\/wp-json\/wp\/v2\/media?parent=48391"}],"wp:term":[{"taxonomy":"category","embeddable":true,"href":"https:\/\/tuavaluo.com\/avaluo\/wp-json\/wp\/v2\/categories?post=48391"},{"taxonomy":"post_tag","embeddable":true,"href":"https:\/\/tuavaluo.com\/avaluo\/wp-json\/wp\/v2\/tags?post=48391"}],"curies":[{"name":"wp","href":"https:\/\/api.w.org\/{rel}","templated":true}]}}