{"id":48733,"date":"2022-01-17T13:08:26","date_gmt":"2022-01-17T13:08:26","guid":{"rendered":"https:\/\/tuavaluo.com\/avaluo\/2022\/01\/17\/fauci-confia-en-que-el-covid-se-convertira-en-endemico-en-2022-si-no-hay-mas-variantes\/"},"modified":"2022-01-17T13:08:26","modified_gmt":"2022-01-17T13:08:26","slug":"fauci-confia-en-que-el-covid-se-convertira-en-endemico-en-2022-si-no-hay-mas-variantes","status":"publish","type":"post","link":"https:\/\/tuavaluo.com\/avaluo\/2022\/01\/17\/fauci-confia-en-que-el-covid-se-convertira-en-endemico-en-2022-si-no-hay-mas-variantes\/","title":{"rendered":"Fauci conf\u00eda en que el Covid se convertir\u00e1 en &quot;end\u00e9mico&quot; en 2022 &quot;si no hay m\u00e1s variantes&quot;"},"content":{"rendered":"<div class=\"read-more-links\">\n<h5>Noticia relacionada<\/h5>\n<p><a class=\"readMore\" href=\"https:\/\/www.bolsamania.com\/noticias\/ciencia\/fauci-afirma-casos-covid-19-aumentaran-mientras-omicron-extiende--8939803.html\" rel=\"noopener noreferrer\" target=\"_blank\" data-id=\"8939803\" rel=\"nofollow\" ><\/p>\n<figure><img class=\"lazy\" title=\"Leer m&#xE1;s\" data-original=\"https:\/\/img5.s3wfg.com\/web\/img\/images_uploaded\/0\/c\/fauci_portada_285x185.png\" data-src=\"https:\/\/img5.s3wfg.com\/web\/img\/images_uploaded\/0\/c\/fauci_portada_285x185.png\" \/><\/figure>\n<p>Fauci afirma que los casos del Covid-19 aumentar\u00e1n mientras \u00d3micron se extiende <\/a><\/div>\n<p>Fauci ha declarado que es \u00abdif\u00edcil\u00bb calcular cu\u00e1l es el \u00abmejor escenario\u00bb de la evoluci\u00f3n de la pandemia. Seg\u00fan el epidemi\u00f3logo, la dificultad radica en que <strong>la inmunidad de grupo mezcla \u00abcasos vacunados con infectados\u00bb<\/strong> de un virus con un \u00abextraordinario\u00bb ritmo de mutaci\u00f3n, que est\u00e1 provocando que se desarrolle una situaci\u00f3n \u00abcomplicada\u00bb.<\/p>\n<p>Asimismo, Fauci ha puesto el foco en la <strong>\u00abdesinformaci\u00f3n\u00bb en torno a las vacunas y al virus<\/strong>, lo que \u00abimpide que luchemos todos juntos contra el Covid\u00bb. Seg\u00fan Fauci, es urgente publicar \u00abla mayor cantidad de informaci\u00f3n que sea posible\u00bb.<\/p>\n<p>Adem\u00e1s, Fauci ha a\u00f1adido que hay disparidad de individuos que tienen acceso a las vacunas, pero tambi\u00e9n ha visto que hay<strong> muchas personas \u00abcon reticencias\u00bb<\/strong> a la hora de \u00abllevar mascarillas y ponerse vacunas\u00bb. Fauci ha lamentado que EEUU \u00abdeber\u00eda ser el pa\u00eds m\u00e1s preparado ante la pandemia y es uno de los pa\u00edses que m\u00e1s ha sufrido\u00bb, y ha recordado que \u00able damos ventaja a al virus si desaprovechamos las herramientas que tenemos a nuestra disposici\u00f3n\u00bb.<\/p>\n<p>El epidemi\u00f3logo ha terminado su intervenci\u00f3n<strong> definiendo una \u00abnueva normalidad\u00bb<\/strong> basada en \u00abm\u00e1s atenci\u00f3n a los virus respiratorios\u00bb. Fauci ha descartado que se \u00abelimine\u00bb el virus, pero ha comentado la posibilidad de \u00abrebajar sus efectos para que no perturbe nuestras vidas\u00bb.<\/p>\n<p>Asimismo, ha apostado por <strong>una \u00abrespuesta global\u00bb ante el virus<\/strong>, con mayor \u00absolidaridad\u00bb y \u00abequidad\u00bb, que permita a todo el mundo avanzar al mismo ritmo, y evitar \u00abque no haya pa\u00edses con vacunas m\u00e1s desarrolladas que otros\u00bb.<\/p>\n<p>&#013;<br \/>\nSource: Bolsamania.com<\/p>\n","protected":false},"excerpt":{"rendered":"<p>Noticia relacionada Fauci afirma que los casos del Covid-19 aumentar\u00e1n mientras \u00d3micron se extiende Fauci ha declarado que es \u00abdif\u00edcil\u00bb&#8230;<\/p>\n","protected":false},"author":3,"featured_media":48734,"comment_status":"open","ping_status":"closed","sticky":false,"template":"","format":"standard","meta":[],"categories":[104],"tags":[99],"_links":{"self":[{"href":"https:\/\/tuavaluo.com\/avaluo\/wp-json\/wp\/v2\/posts\/48733"}],"collection":[{"href":"https:\/\/tuavaluo.com\/avaluo\/wp-json\/wp\/v2\/posts"}],"about":[{"href":"https:\/\/tuavaluo.com\/avaluo\/wp-json\/wp\/v2\/types\/post"}],"author":[{"embeddable":true,"href":"https:\/\/tuavaluo.com\/avaluo\/wp-json\/wp\/v2\/users\/3"}],"replies":[{"embeddable":true,"href":"https:\/\/tuavaluo.com\/avaluo\/wp-json\/wp\/v2\/comments?post=48733"}],"version-history":[{"count":0,"href":"https:\/\/tuavaluo.com\/avaluo\/wp-json\/wp\/v2\/posts\/48733\/revisions"}],"wp:featuredmedia":[{"embeddable":true,"href":"https:\/\/tuavaluo.com\/avaluo\/wp-json\/wp\/v2\/media\/48734"}],"wp:attachment":[{"href":"https:\/\/tuavaluo.com\/avaluo\/wp-json\/wp\/v2\/media?parent=48733"}],"wp:term":[{"taxonomy":"category","embeddable":true,"href":"https:\/\/tuavaluo.com\/avaluo\/wp-json\/wp\/v2\/categories?post=48733"},{"taxonomy":"post_tag","embeddable":true,"href":"https:\/\/tuavaluo.com\/avaluo\/wp-json\/wp\/v2\/tags?post=48733"}],"curies":[{"name":"wp","href":"https:\/\/api.w.org\/{rel}","templated":true}]}}