{"id":49022,"date":"2022-01-21T07:23:30","date_gmt":"2022-01-21T07:23:30","guid":{"rendered":"https:\/\/tuavaluo.com\/avaluo\/2022\/01\/21\/adolfo-dominguez-reduce-sus-perdidas-trimestrales-y-alcanza-un-ebitda-positivo\/"},"modified":"2022-01-21T07:23:30","modified_gmt":"2022-01-21T07:23:30","slug":"adolfo-dominguez-reduce-sus-perdidas-trimestrales-y-alcanza-un-ebitda-positivo","status":"publish","type":"post","link":"https:\/\/tuavaluo.com\/avaluo\/2022\/01\/21\/adolfo-dominguez-reduce-sus-perdidas-trimestrales-y-alcanza-un-ebitda-positivo\/","title":{"rendered":"Adolfo Dom\u00ednguez reduce sus p\u00e9rdidas trimestrales y alcanza un EBITDA positivo"},"content":{"rendered":"<p>La compa\u00f1\u00eda textil remarca que <strong>encadena nueve meses de EBITDA positivo<\/strong>, excluidos los gastos extraordinarios. Entre marzo y noviembre de 2021, el EBITDA recurrente acumulado se sit\u00faa en 2,9 millones de euros y supera en 8,5 millones de euros al generado durante el mismo periodo del a\u00f1o anterior. <strong>Las ventas online crecen un 36%<\/strong> con respecto al 2019, tras un aumento del 6,2% en el \u00faltimo a\u00f1o.<\/p>\n<p>\u201cLos resultados del trimestre, correspondientes al oto\u00f1o, muestran <strong>la capacidad de la compa\u00f1\u00eda de generar ventas y rentabilidad<\/strong> en cuanto se recupera la normalidad social en medio de la crisis del coronavirus. Entre septiembre y noviembre de 2021 <strong>somos un 33% m\u00e1s rentables que hace dos a\u00f1os<\/strong>\u201d explica Antonio Puente, director general de Adolfo Dom\u00ednguez.<\/p>\n<p>Las ventas de la firma de moda de autor crecen, con respecto al mismo periodo del ejercicio anterior, <strong>en todos los mercados en los que opera<\/strong>. Europa, con Espa\u00f1a como principal referencia con 165 puntos de venta, impulsa el aumento con un incremento del 63%. Las ventas internacionales crecen un 48% respecto a marzo-noviembre 2020.<\/p>\n<p>La compa\u00f1\u00eda refuerza su presencia en el extranjero con el reposicionamiento y apertura de 20 puntos de venta en M\u00e9xico (17), Guatemala (1), Chile (1) y Jap\u00f3n (1) desde marzo de 2021.<\/p>\n<p>Adolfo Dom\u00ednguez ha anunciado que refuerza su equipo directivo con el nombramiento de <strong>Anabel R\u00faa L\u00f3pez como directora corporativa de Retail<\/strong>, tras dos a\u00f1os como directora Internacional. Asimismo, ha incorporado a <strong>Jos\u00e9 Vila como nuevo director corporativo de Finanzas y Organizaci\u00f3n<\/strong>.<\/p>\n<p>&#013;<br \/>\nSource: Bolsamania.com<\/p>\n","protected":false},"excerpt":{"rendered":"<p>La compa\u00f1\u00eda textil remarca que encadena nueve meses de EBITDA positivo, excluidos los gastos extraordinarios. Entre marzo y noviembre de&#8230;<\/p>\n","protected":false},"author":3,"featured_media":0,"comment_status":"open","ping_status":"closed","sticky":false,"template":"","format":"standard","meta":[],"categories":[104],"tags":[99],"_links":{"self":[{"href":"https:\/\/tuavaluo.com\/avaluo\/wp-json\/wp\/v2\/posts\/49022"}],"collection":[{"href":"https:\/\/tuavaluo.com\/avaluo\/wp-json\/wp\/v2\/posts"}],"about":[{"href":"https:\/\/tuavaluo.com\/avaluo\/wp-json\/wp\/v2\/types\/post"}],"author":[{"embeddable":true,"href":"https:\/\/tuavaluo.com\/avaluo\/wp-json\/wp\/v2\/users\/3"}],"replies":[{"embeddable":true,"href":"https:\/\/tuavaluo.com\/avaluo\/wp-json\/wp\/v2\/comments?post=49022"}],"version-history":[{"count":0,"href":"https:\/\/tuavaluo.com\/avaluo\/wp-json\/wp\/v2\/posts\/49022\/revisions"}],"wp:attachment":[{"href":"https:\/\/tuavaluo.com\/avaluo\/wp-json\/wp\/v2\/media?parent=49022"}],"wp:term":[{"taxonomy":"category","embeddable":true,"href":"https:\/\/tuavaluo.com\/avaluo\/wp-json\/wp\/v2\/categories?post=49022"},{"taxonomy":"post_tag","embeddable":true,"href":"https:\/\/tuavaluo.com\/avaluo\/wp-json\/wp\/v2\/tags?post=49022"}],"curies":[{"name":"wp","href":"https:\/\/api.w.org\/{rel}","templated":true}]}}