{"id":49578,"date":"2022-02-01T12:27:08","date_gmt":"2022-02-01T12:27:08","guid":{"rendered":"https:\/\/tuavaluo.com\/avaluo\/2022\/02\/01\/enagas-naturgy-fertiberia-y-vestas-se-unen-para-producir-hidrogeno-y-amoniaco-verde\/"},"modified":"2022-02-01T12:27:08","modified_gmt":"2022-02-01T12:27:08","slug":"enagas-naturgy-fertiberia-y-vestas-se-unen-para-producir-hidrogeno-y-amoniaco-verde","status":"publish","type":"post","link":"https:\/\/tuavaluo.com\/avaluo\/2022\/02\/01\/enagas-naturgy-fertiberia-y-vestas-se-unen-para-producir-hidrogeno-y-amoniaco-verde\/","title":{"rendered":"Enag\u00e1s, Naturgy, Fertiberia y Vestas se unen para producir hidr\u00f3geno y amon\u00edaco verde"},"content":{"rendered":"<p>Una vez est\u00e9 completamente implementado, <strong>el proyecto alcanzar\u00e1 los 5GW de energ\u00eda e\u00f3lica y solar fotovoltaica<\/strong> en Arag\u00f3n que abastecer\u00e1n un electrolizador de 2GW. En este sentido, el Proyecto Catalina podr\u00eda producir suficiente hidr\u00f3geno para cubrir el 30% de la demanda actual de hidr\u00f3geno en Espa\u00f1a.<\/p>\n<p>La primera fase est\u00e1 en un nivel de desarrollo avanzado. <strong>Se espera que obtenga todos los permisos necesarios en los pr\u00f3ximos dos a\u00f1os y se inicie la construcci\u00f3n a finales de 2023. <\/strong>Contar\u00e1 con <strong>1,7 GW<\/strong> de energ\u00eda e\u00f3lica y solar fotovoltaica conectados a un electrolizador de 500 MW que producir\u00e1 40.000 toneladas de hidr\u00f3geno verde al a\u00f1o. <strong>El proyecto conectar\u00e1 Arag\u00f3n y Comunidad Valenciana<\/strong> a trav\u00e9s de un hidroducto que transportar\u00e1 este hidr\u00f3geno a una planta de amon\u00edaco de nueva construcci\u00f3n, que producir\u00e1 200.000 toneladas de amon\u00edaco verde al a\u00f1o.<\/p>\n<p>\u00c9ste se utilizar\u00e1 para <strong>la producci\u00f3n de fertilizantes<\/strong> sostenibles en la planta que Fertiberia tiene en Sagunto (Valencia), lo que supondr\u00e1 un gran avance en la descarbonizaci\u00f3n del sector agr\u00edcola. <strong>El hidr\u00f3geno verde tambi\u00e9n se utilizar\u00e1 para descarbonizar otros procesos industriales<\/strong> y para inyectarlo en la red de gas natural. Catalina I ha solicitado conexi\u00f3n a la red en Andorra (Teruel), en el concurso de Mud\u00e9jar, donde tendr\u00e1 un gran impacto en el desarrollo socioecon\u00f3mico de la zona.<\/p>\n<p>Se prev\u00e9 que el proyecto <strong>reduzca las emisiones de CO2 en un mill\u00f3n de toneladas al a\u00f1o<\/strong> y hasta 2,5 millones cuando est\u00e9 completamente construido, el equivalente al consumo anual de electricidad de casi 2 millones de hogares.<\/p>\n<p>El Proyecto Catalina <strong>constituir\u00e1 una gran aportaci\u00f3n al Proyecto Estrat\u00e9gico para la Recuperaci\u00f3n y Transformaci\u00f3n Econ\u00f3mica (PERTE)<\/strong> de Energ\u00edas Renovables, Hidr\u00f3geno Renovable y Almacenamiento (ERHA), que pretende posicionar Espa\u00f1a como referente en la producci\u00f3n de hidr\u00f3geno verde a nivel mundial, seg\u00fan recoge el comunicado.<\/p>\n<p>S\u00f8ren Toftgard, socio de Copenhagen Infrastructure, ha afirmado que \u00abestoy muy orgulloso de anunciar el Proyecto Catalina, <strong>una iniciativa pionera en Europa<\/strong> para la producci\u00f3n a gran escala de hidr\u00f3geno y amon\u00edaco verde. Espa\u00f1a y, en concreto Arag\u00f3n, ofrecen condiciones muy buenas para el desarrollo de esta tecnolog\u00eda dado su excelente recurso e\u00f3lico y solar, el respaldo pol\u00edtico y la proximidad de los centros de demanda. Seguiremos trabajando junto a nuestros socios para llevar a cabo este proyecto\u201c.<\/p>\n<p>\u00ab<strong>Refleja nuestro objetivo de contribuir a la descarbonizaci\u00f3n,<\/strong> de manera compatible con el impulso a una industria competitiva y la creaci\u00f3n de empleo, as\u00ed como de llevar la transici\u00f3n energ\u00e9tica a todos los territorios sin dejar a nadie atr\u00e1s\u201d, ha se\u00f1alado Marcelino Oreja, CEO de <strong>Enag\u00e1s<\/strong>.<\/p>\n<p>\u00ab<strong>En Naturgy queremos ser protagonistas<\/strong> de la transici\u00f3n energ\u00e9tica y el hidr\u00f3geno es uno de los vectores esenciales para lograr una econom\u00eda descarbonizada\u00bb, ha indicado Jorge Barredo, director general de Renovables, Nuevos Negocios e Innovaci\u00f3n de Naturgy.<\/p>\n<p>\u00abNuestra participaci\u00f3n en el Proyecto Catalina <strong>nos permite mantener nuestra posici\u00f3n de liderazgo<\/strong> en la descarbonizaci\u00f3n del sector de la nutrici\u00f3n vegetal en Europa\u00bb, ha asegurado Javier Go\u00f1i, CEO de <strong>Fertiberia<\/strong>.<\/p>\n<p><strong>\u00cd\u00f1igo Sabater<\/strong>, vicepresidente de Desarrollo de Vestas para Europa, Am\u00e9rica Latina, Oriente Medio, Europa y \u00c1frica, ha sentenciado que \u00abcomo l\u00edder mundial en soluciones de energ\u00eda sostenible, en Vestas<strong> estamos orgullosos de participar en este hist\u00f3rico e innovador proyecto\u00bb. <\/strong><\/p>\n<p>&#013;<br \/>\nSource: Bolsamania.com<\/p>\n","protected":false},"excerpt":{"rendered":"<p>Una vez est\u00e9 completamente implementado, el proyecto alcanzar\u00e1 los 5GW de energ\u00eda e\u00f3lica y solar fotovoltaica en Arag\u00f3n que abastecer\u00e1n&#8230;<\/p>\n","protected":false},"author":1,"featured_media":0,"comment_status":"open","ping_status":"closed","sticky":false,"template":"","format":"standard","meta":[],"categories":[104],"tags":[99],"_links":{"self":[{"href":"https:\/\/tuavaluo.com\/avaluo\/wp-json\/wp\/v2\/posts\/49578"}],"collection":[{"href":"https:\/\/tuavaluo.com\/avaluo\/wp-json\/wp\/v2\/posts"}],"about":[{"href":"https:\/\/tuavaluo.com\/avaluo\/wp-json\/wp\/v2\/types\/post"}],"author":[{"embeddable":true,"href":"https:\/\/tuavaluo.com\/avaluo\/wp-json\/wp\/v2\/users\/1"}],"replies":[{"embeddable":true,"href":"https:\/\/tuavaluo.com\/avaluo\/wp-json\/wp\/v2\/comments?post=49578"}],"version-history":[{"count":0,"href":"https:\/\/tuavaluo.com\/avaluo\/wp-json\/wp\/v2\/posts\/49578\/revisions"}],"wp:attachment":[{"href":"https:\/\/tuavaluo.com\/avaluo\/wp-json\/wp\/v2\/media?parent=49578"}],"wp:term":[{"taxonomy":"category","embeddable":true,"href":"https:\/\/tuavaluo.com\/avaluo\/wp-json\/wp\/v2\/categories?post=49578"},{"taxonomy":"post_tag","embeddable":true,"href":"https:\/\/tuavaluo.com\/avaluo\/wp-json\/wp\/v2\/tags?post=49578"}],"curies":[{"name":"wp","href":"https:\/\/api.w.org\/{rel}","templated":true}]}}