{"id":49780,"date":"2022-02-04T08:30:01","date_gmt":"2022-02-04T08:30:01","guid":{"rendered":"https:\/\/tuavaluo.com\/avaluo\/2022\/02\/04\/el-gobierno-eliminara-el-uso-de-la-mascarilla-obligatoria-en-exteriores\/"},"modified":"2022-02-04T08:30:01","modified_gmt":"2022-02-04T08:30:01","slug":"el-gobierno-eliminara-el-uso-de-la-mascarilla-obligatoria-en-exteriores","status":"publish","type":"post","link":"https:\/\/tuavaluo.com\/avaluo\/2022\/02\/04\/el-gobierno-eliminara-el-uso-de-la-mascarilla-obligatoria-en-exteriores\/","title":{"rendered":"El Gobierno eliminar\u00e1 el uso de la mascarilla obligatoria en exteriores"},"content":{"rendered":"<p>\u00abLe confirmo que el pr\u00f3ximo martes llevaremos al Consejo de Ministros el Real Decreto en virtud del cual <strong>eliminaremos la obligatoriedad del uso de las mascarillas en el exterior<\/strong>\u00ab, ha se\u00f1alado la ministra en una entrevista en la Cadena Ser, recogida por Europa Press.<\/p>\n<p>La ministra ha se\u00f1alado que convocar\u00e1n un CISNS para debatir la decisi\u00f3n antes de que sea llevaba al Consejo de Ministros, al tiempo que ha defendido que esta medida ha sido \u00fatil y <strong>ha actuado de \u00abefecto barrera\u00bb<\/strong> porque se aprob\u00f3 de cara a las Navidades, que implican una \u00abmayor interacci\u00f3n social\u00bb.<\/p>\n<p>Darias ha enfatizado que ha sido una \u00abmedida de prudencia durante el tiempo estrictamente necesario hasta que los indicadores aconsejaran una medida distinta\u00bb. Sobre el antiviral de Pfizer, la titular de Sanidad ha se\u00f1alado que est\u00e1n a punto de terminar la parte contractual y esperan que \u00aben poco tiempo\u00bb pueda firmarse la compra y disponer de esos antivirales.<\/p>\n<p>Darias ha se\u00f1alado que este viernes van a dar a conocer un acuerdo con Astrazeneca \u00aben virtud del cual van a adquirir un medicamento que se suma a estos medicamentos contra la lucha del coronavirus\u00bb. Ha explicado que estar\u00e1 indicado para aquellas \u00ab<strong>personas inmunocomprometidas<\/strong> y que las dosis que se les inoculan no medicamentos contra la lucha del coronavirus\u00bb.<\/p>\n<p>&#013;<br \/>\nSource: Bolsamania.com<\/p>\n","protected":false},"excerpt":{"rendered":"<p>\u00abLe confirmo que el pr\u00f3ximo martes llevaremos al Consejo de Ministros el Real Decreto en virtud del cual eliminaremos la&#8230;<\/p>\n","protected":false},"author":1,"featured_media":0,"comment_status":"open","ping_status":"closed","sticky":false,"template":"","format":"standard","meta":[],"categories":[104],"tags":[99],"_links":{"self":[{"href":"https:\/\/tuavaluo.com\/avaluo\/wp-json\/wp\/v2\/posts\/49780"}],"collection":[{"href":"https:\/\/tuavaluo.com\/avaluo\/wp-json\/wp\/v2\/posts"}],"about":[{"href":"https:\/\/tuavaluo.com\/avaluo\/wp-json\/wp\/v2\/types\/post"}],"author":[{"embeddable":true,"href":"https:\/\/tuavaluo.com\/avaluo\/wp-json\/wp\/v2\/users\/1"}],"replies":[{"embeddable":true,"href":"https:\/\/tuavaluo.com\/avaluo\/wp-json\/wp\/v2\/comments?post=49780"}],"version-history":[{"count":0,"href":"https:\/\/tuavaluo.com\/avaluo\/wp-json\/wp\/v2\/posts\/49780\/revisions"}],"wp:attachment":[{"href":"https:\/\/tuavaluo.com\/avaluo\/wp-json\/wp\/v2\/media?parent=49780"}],"wp:term":[{"taxonomy":"category","embeddable":true,"href":"https:\/\/tuavaluo.com\/avaluo\/wp-json\/wp\/v2\/categories?post=49780"},{"taxonomy":"post_tag","embeddable":true,"href":"https:\/\/tuavaluo.com\/avaluo\/wp-json\/wp\/v2\/tags?post=49780"}],"curies":[{"name":"wp","href":"https:\/\/api.w.org\/{rel}","templated":true}]}}