{"id":49917,"date":"2022-02-07T18:27:10","date_gmt":"2022-02-07T18:27:10","guid":{"rendered":"https:\/\/tuavaluo.com\/avaluo\/2022\/02\/07\/la-incidencia-en-espana-cae-por-debajo-de-los-2-000-casos-con-335-fallecidos\/"},"modified":"2022-02-07T18:27:10","modified_gmt":"2022-02-07T18:27:10","slug":"la-incidencia-en-espana-cae-por-debajo-de-los-2-000-casos-con-335-fallecidos","status":"publish","type":"post","link":"https:\/\/tuavaluo.com\/avaluo\/2022\/02\/07\/la-incidencia-en-espana-cae-por-debajo-de-los-2-000-casos-con-335-fallecidos\/","title":{"rendered":"La incidencia en Espa\u00f1a cae por debajo de los 2.000 casos con 335 fallecidos"},"content":{"rendered":"<p>En cuanto a los <strong>fallecimientos<\/strong>, el departamento que dirige <strong>Carolina Darias<\/strong> ha a\u00f1adido <strong>335 muertes<\/strong> por Covid-19 despu\u00e9s del fin de semana. Esto no quiere decir que todas ellas se hayan producido en las \u00faltimas 24 horas, sino que se a\u00f1aden una vez se confirma el diagn\u00f3stico. El total de defunciones por la pandemia asciende a 94.570.<\/p>\n<p>La <strong>situaci\u00f3n en los hospitales<\/strong> sigue mejorando, puesto que la <strong>tasa de ocupaci\u00f3n<\/strong> de las camas de planta est\u00e1 en el 12,83% (13,05% el pasado viernes), mientras que en <strong>UCI<\/strong> asciende al 19,56% (19,96% el viernes).<\/p>\n<p>Por comunidades, destacan <strong>Catalu\u00f1a<\/strong> (1.003), <strong>Arag\u00f3n<\/strong> (1.007), la <strong>Comunidad<\/strong> <strong>Valenciana<\/strong> (1.021), <strong>Galicia<\/strong> (1.045), <strong>Murcia<\/strong> (1.076) y <strong>Cantabria<\/strong> (1.170) como las regiones que mayor incidencia presentan en los \u00faltimos d\u00edas.<\/p>\n<h3><strong>LA MASCARILLA DEJAR\u00c1 DE SER OBLIGATORIA<\/strong><\/h3>\n<\/p>\n<p>Este lunes se ha conocido que la mascarilla <strong><a href=\"https:\/\/www.bolsamania.com\/noticias\/sanidad\/sanidad-ccaa-acuerdan-mascarilla-deje-ser-obligatoria-exteriores--9167046.html\" target=\"_blank\"  rel=\"nofollow\" >dejar\u00e1 de ser obligatoria en exteriores<\/a> <\/strong>desde <strong>este<\/strong> <strong>jueves<\/strong>. El<strong> Ministerio de Sanidad<\/strong> y las <strong>CCAA<\/strong> han acordado poner fin a esta medida en el Consejo Interterritorial de Salud, con lo que entrar\u00e1 en vigor despu\u00e9s de ser aprobada en el <strong>Consejo de Ministros de este martes<\/strong> y publicada en el Bolet\u00edn Oficial del Estado (BOE) un d\u00eda despu\u00e9s.<\/p>\n<p>Sin embargo, desde Sanidad se recomienda que la mascarilla se siga utilizando en <strong>eventos multitudinarios<\/strong> y cuando no se pueda guardar la distancia de 1,5 metros. Por otro lado, el <strong>Consejo Interterritorial de Salud<\/strong> tambi\u00e9n ha dado el visto bueno a elevar los aforos de las <strong>competiciones deportivas: <\/strong>pasan del 75% al 85% en exteriores y del 50% al 75% en interiores.<\/p>\n<h3><strong>2022, EL A\u00d1O DE RECUPERACI\u00d3N DE LA HOSTELER\u00cdA<\/strong><\/h3>\n<p>Tambi\u00e9n este lunes, los presidentes de <strong>Hosteler\u00eda de Espa\u00f1a<\/strong>, <strong>Jos\u00e9 Luiz Yzuel<\/strong>, y de la Federaci\u00f3n de Hosteler\u00eda de <strong>Andaluc\u00eda<\/strong> y de <strong>M\u00e1laga<\/strong>,<strong> Javier Frutos<\/strong>, han confiado en que este a\u00f1o 2022 es el del<strong> <a href=\"https:\/\/www.bolsamania.com\/noticias\/economia\/hosteleros-2022-recuperacion-final-sobreendeudamiento--9170498.html\" target=\"_blank\"  rel=\"nofollow\" >inicio de la recuperaci\u00f3n<\/a><\/strong> tras la Covid-19, que ha golpeado en estos dos a\u00f1os al sector; y han esperando que la pandemia pronto sea \u00abun mal sue\u00f1o\u00bb.<\/p>\n<p>\u00abSaldremos a flote, pero la situaci\u00f3n que vivimos y seguimos viviendo <strong>es muy complicada<\/strong>\u00ab, ha admitido Frutos, quien ha se\u00f1alado que en el sector en Andaluc\u00eda cada vez hay menos personal incluido en Expedientes de Regulaci\u00f3n Temporal de Empleo (ERTE), unos 300. No obstante, ha esperado que este mecanismo se ampl\u00ede porque \u00abva a ayudar a peque\u00f1as empresas a superar esta situaci\u00f3n, es b\u00e1sico\u00bb.<\/p>\n<p>&#013;<br \/>\nSource: Bolsamania.com<\/p>\n","protected":false},"excerpt":{"rendered":"<p>En cuanto a los fallecimientos, el departamento que dirige Carolina Darias ha a\u00f1adido 335 muertes por Covid-19 despu\u00e9s del fin&#8230;<\/p>\n","protected":false},"author":1,"featured_media":0,"comment_status":"open","ping_status":"closed","sticky":false,"template":"","format":"standard","meta":[],"categories":[104],"tags":[99],"_links":{"self":[{"href":"https:\/\/tuavaluo.com\/avaluo\/wp-json\/wp\/v2\/posts\/49917"}],"collection":[{"href":"https:\/\/tuavaluo.com\/avaluo\/wp-json\/wp\/v2\/posts"}],"about":[{"href":"https:\/\/tuavaluo.com\/avaluo\/wp-json\/wp\/v2\/types\/post"}],"author":[{"embeddable":true,"href":"https:\/\/tuavaluo.com\/avaluo\/wp-json\/wp\/v2\/users\/1"}],"replies":[{"embeddable":true,"href":"https:\/\/tuavaluo.com\/avaluo\/wp-json\/wp\/v2\/comments?post=49917"}],"version-history":[{"count":0,"href":"https:\/\/tuavaluo.com\/avaluo\/wp-json\/wp\/v2\/posts\/49917\/revisions"}],"wp:attachment":[{"href":"https:\/\/tuavaluo.com\/avaluo\/wp-json\/wp\/v2\/media?parent=49917"}],"wp:term":[{"taxonomy":"category","embeddable":true,"href":"https:\/\/tuavaluo.com\/avaluo\/wp-json\/wp\/v2\/categories?post=49917"},{"taxonomy":"post_tag","embeddable":true,"href":"https:\/\/tuavaluo.com\/avaluo\/wp-json\/wp\/v2\/tags?post=49917"}],"curies":[{"name":"wp","href":"https:\/\/api.w.org\/{rel}","templated":true}]}}