{"id":50753,"date":"2022-02-22T17:20:40","date_gmt":"2022-02-22T17:20:40","guid":{"rendered":"https:\/\/tuavaluo.com\/avaluo\/2022\/02\/22\/teodoro-garcia-egea-dimite-como-secretario-general-del-pp\/"},"modified":"2022-02-22T17:20:40","modified_gmt":"2022-02-22T17:20:40","slug":"teodoro-garcia-egea-dimite-como-secretario-general-del-pp","status":"publish","type":"post","link":"https:\/\/tuavaluo.com\/avaluo\/2022\/02\/22\/teodoro-garcia-egea-dimite-como-secretario-general-del-pp\/","title":{"rendered":"Teodoro Garc\u00eda Egea dimite como secretario general del PP"},"content":{"rendered":"<p>La salida del que hasta ahora era la &#8216;mano derecha&#8217; de Casado se ha conocido en la tarde de este martes, un d\u00eda en que se ha producido una cascada de dimisiones en el PP. Todo empezaba por la ma\u00f1ana, con la comparecencia de <strong>Jos\u00e9 Luis Mart\u00ednez Almeida<\/strong>, que ha anunciado que <a href=\"https:\/\/www.bolsamania.com\/noticias\/politica\/almeida-dimite-portavoz-nacional-pp-comun-acuerdo-casado--9263072.html\" rel=\"noopener noreferrer\" target=\"_blank\" rel=\"nofollow\" ><strong>abandonaba la portavoc\u00eda nacional del partido<\/strong><\/a> para centrarse en su labor como alcalde de Madrid. Una decisi\u00f3n, ha explicado el propio Almeida, que hab\u00eda acordado con Casado.<\/p>\n<p>Tras \u00e9l, tambi\u00e9n ha anunciado que dejaba su cargo la diputada por Valencia <strong>Bel\u00e9n Hoyo<\/strong>. Ostentaba un cargo en el comit\u00e9 de direcci\u00f3n nacional que preside Casado. Concretamente, era la presidenta del Comit\u00e9 Electoral Nacional del PP. Tambi\u00e9n se ha marchado <strong>Ana V\u00e1zquez Blanco<\/strong>, que ha dimitido como responsable del PP en el Exterior.<\/p>\n<p>Y esta tarde, al tiempo que se conoc\u00eda la dimisi\u00f3n de Garc\u00eda Egea, saltaba la noticia de otra marcha, la de <strong>Andrea Levy<\/strong>. Era la presidenta del Comit\u00e9 de Derechos y Garant\u00edas del Partido Popular, y ha aprovechado su anuncio para hacer como muchos otros compa\u00f1eros de partido: pedir un congreso extraordinario para encontrar una salida a la crisis interna abierta en el PP.<\/p>\n<p>&#013;<br \/>\nSource: Bolsamania.com<\/p>\n","protected":false},"excerpt":{"rendered":"<p>La salida del que hasta ahora era la &#8216;mano derecha&#8217; de Casado se ha conocido en la tarde de este&#8230;<\/p>\n","protected":false},"author":1,"featured_media":0,"comment_status":"open","ping_status":"closed","sticky":false,"template":"","format":"standard","meta":[],"categories":[104],"tags":[99],"_links":{"self":[{"href":"https:\/\/tuavaluo.com\/avaluo\/wp-json\/wp\/v2\/posts\/50753"}],"collection":[{"href":"https:\/\/tuavaluo.com\/avaluo\/wp-json\/wp\/v2\/posts"}],"about":[{"href":"https:\/\/tuavaluo.com\/avaluo\/wp-json\/wp\/v2\/types\/post"}],"author":[{"embeddable":true,"href":"https:\/\/tuavaluo.com\/avaluo\/wp-json\/wp\/v2\/users\/1"}],"replies":[{"embeddable":true,"href":"https:\/\/tuavaluo.com\/avaluo\/wp-json\/wp\/v2\/comments?post=50753"}],"version-history":[{"count":0,"href":"https:\/\/tuavaluo.com\/avaluo\/wp-json\/wp\/v2\/posts\/50753\/revisions"}],"wp:attachment":[{"href":"https:\/\/tuavaluo.com\/avaluo\/wp-json\/wp\/v2\/media?parent=50753"}],"wp:term":[{"taxonomy":"category","embeddable":true,"href":"https:\/\/tuavaluo.com\/avaluo\/wp-json\/wp\/v2\/categories?post=50753"},{"taxonomy":"post_tag","embeddable":true,"href":"https:\/\/tuavaluo.com\/avaluo\/wp-json\/wp\/v2\/tags?post=50753"}],"curies":[{"name":"wp","href":"https:\/\/api.w.org\/{rel}","templated":true}]}}