{"id":52194,"date":"2022-03-17T16:51:22","date_gmt":"2022-03-17T16:51:22","guid":{"rendered":"https:\/\/tuavaluo.com\/avaluo\/2022\/03\/17\/presion-a-las-electricas-diaz-insiste-en-un-impuesto-extra-para-atajar-la-subida-de-la-luz\/"},"modified":"2022-03-17T16:51:22","modified_gmt":"2022-03-17T16:51:22","slug":"presion-a-las-electricas-diaz-insiste-en-un-impuesto-extra-para-atajar-la-subida-de-la-luz","status":"publish","type":"post","link":"https:\/\/tuavaluo.com\/avaluo\/2022\/03\/17\/presion-a-las-electricas-diaz-insiste-en-un-impuesto-extra-para-atajar-la-subida-de-la-luz\/","title":{"rendered":"Presi\u00f3n a las el\u00e9ctricas: D\u00edaz insiste en un impuesto extra para atajar la subida de la luz"},"content":{"rendered":"<p>Las el\u00e9ctricas han cotizado durante parte de la sesi\u00f3n en rojo, aunque han cerrado al alza. Es el caso de <strong>Endesa, Iberdrola, Naturgy y REE.<\/strong><\/p>\n<div class=\"read-more-links\">\n<h5>Noticia relacionada<\/h5>\n<p><a class=\"readMore\" href=\"https:\/\/www.bolsamania.com\/noticias\/politica\/diaz-asegura-gobierno-beneficios-electricas-mitigar-subida-luz--9406429.html\" rel=\"noopener noreferrer\" target=\"_blank\" data-id=\"9406429\" rel=\"nofollow\" ><\/p>\n<figure><img class=\"lazy\" title=\"Leer m&#xE1;s\" data-original=\"https:\/\/img.s3wfg.com\/web\/img\/images_uploaded\/0\/0\/ep_la_vicepresidenta_segunda_y_ministra_de_trabajo_y_economia_social_yolanda_diaz_se_coloca_la_285x185.jpg\" data-src=\"https:\/\/img.s3wfg.com\/web\/img\/images_uploaded\/0\/0\/ep_la_vicepresidenta_segunda_y_ministra_de_trabajo_y_economia_social_yolanda_diaz_se_coloca_la_285x185.jpg\" \/><\/figure>\n<p>D\u00edaz: el Gobierno usar\u00e1 los beneficios de las el\u00e9ctricas para mitigar la subida de la luz <\/a><\/div>\n<p>\u00abEn este contexto de crisis tienen que redistribuirse los beneficios. <strong>Las tres grandes el\u00e9ctricas incrementaron un 47% sus beneficios antes de impuestos en 2021, con 10.022 millones de euros, y tienen que contribuir a esta crisis<\/strong>\u00ab, ha defendido la vicepresidenta segunda en una entrevista en &#8216;RNE&#8217;. Incide as\u00ed en sus palabras de este mi\u00e9rcoles en el Congreso de los Diputados, donde ya adelant\u00f3 que el Gobierno pretende <a href=\"https:\/\/www.bolsamania.com\/noticias\/politica\/diaz-asegura-gobierno-beneficios-electricas-mitigar-subida-luz--9406429.html\" rel=\"noopener noreferrer\" target=\"_blank\" rel=\"nofollow\" ><strong>usar los beneficios de las el\u00e9ctricas para mitigar la subida de la luz<\/strong><\/a>.<\/p>\n<p>D\u00edaz ha explicado que el escenario que ha abierto la guerra y la <strong>subida de los precios de la energ\u00eda y del IPC es algo \u00abcomplejo\u00bb<\/strong> y tendr\u00e1 un impacto \u00absignificativo\u00bb en la econom\u00eda y en el empleo. \u00abEsta guerra es de largo recorrido y es probable que el impacto sea significativo. La subida de los precios de la energ\u00eda y la inflaci\u00f3n contagia a toda la econom\u00eda. Ser\u00e1 un impacto fuerte en la econom\u00eda y en el empleo, pero no tenemos datos a d\u00eda de hoy de la afectaci\u00f3n del empleo\u00bb, ha remarcado.<\/p>\n<p>Por eso defiende las propuestas de Podemos, entre las que se encuentran la de instaurar un impuesto extraordinario a las el\u00e9ctricas para contener la situaci\u00f3n. Es m\u00e1s, ha advertido que <strong>una rebaja generalizada de impuestos como la que propone el PP es \u00abinadecuada\u00bb<\/strong> en un contexto de guerra como el actual.<\/p>\n<p><a href=\"https:\/\/www.bolsamania.com\/en-directo\/europa\/rusia-ataca-ucrania-guerra-ultima-hora.html\" rel=\"noopener noreferrer\" target=\"_blank\" rel=\"nofollow\" ><strong>Puede consultar aqu\u00ed el directo especial de &#8216;Bolsaman\u00eda&#8217; sobre la guerra<\/strong><\/a>.<\/p>\n<p>\u00abEl PP siempre da la misma receta para cualquier situaci\u00f3n: bajada generalizada de los impuestos. Yo ayer estuve reunida con 60 economistas y el consenso es que una bajada generalizada de impuestos en un contexto de guerra no es adecuada porque <strong>los servicios p\u00fablicos se sostienen con ingresos p\u00fablicos<\/strong>\u00ab, ha destacado.<\/p>\n<p>La ministra \u00abecha de menos\u00bb que el PP \u00abno ponga la mirada\u00bb en los <strong>beneficios de las empresas cotizadas, que en 2021 ganaron 64.000 millones de euros<\/strong>, una cifra \u00abhist\u00f3rica\u00bb. Ha destacado las ganancias de las el\u00e9ctricas, y ha dicho que cree que pueden apretarse el cintur\u00f3n y contribuir a paliar el duro golpe que est\u00e1n sufriendo muchas familias en Espa\u00f1a.<\/p>\n<p>&#013;<br \/>\nSource: Bolsamania.com<\/p>\n","protected":false},"excerpt":{"rendered":"<p>Las el\u00e9ctricas han cotizado durante parte de la sesi\u00f3n en rojo, aunque han cerrado al alza. Es el caso de&#8230;<\/p>\n","protected":false},"author":1,"featured_media":52195,"comment_status":"open","ping_status":"closed","sticky":false,"template":"","format":"standard","meta":[],"categories":[104],"tags":[99],"_links":{"self":[{"href":"https:\/\/tuavaluo.com\/avaluo\/wp-json\/wp\/v2\/posts\/52194"}],"collection":[{"href":"https:\/\/tuavaluo.com\/avaluo\/wp-json\/wp\/v2\/posts"}],"about":[{"href":"https:\/\/tuavaluo.com\/avaluo\/wp-json\/wp\/v2\/types\/post"}],"author":[{"embeddable":true,"href":"https:\/\/tuavaluo.com\/avaluo\/wp-json\/wp\/v2\/users\/1"}],"replies":[{"embeddable":true,"href":"https:\/\/tuavaluo.com\/avaluo\/wp-json\/wp\/v2\/comments?post=52194"}],"version-history":[{"count":0,"href":"https:\/\/tuavaluo.com\/avaluo\/wp-json\/wp\/v2\/posts\/52194\/revisions"}],"wp:featuredmedia":[{"embeddable":true,"href":"https:\/\/tuavaluo.com\/avaluo\/wp-json\/wp\/v2\/media\/52195"}],"wp:attachment":[{"href":"https:\/\/tuavaluo.com\/avaluo\/wp-json\/wp\/v2\/media?parent=52194"}],"wp:term":[{"taxonomy":"category","embeddable":true,"href":"https:\/\/tuavaluo.com\/avaluo\/wp-json\/wp\/v2\/categories?post=52194"},{"taxonomy":"post_tag","embeddable":true,"href":"https:\/\/tuavaluo.com\/avaluo\/wp-json\/wp\/v2\/tags?post=52194"}],"curies":[{"name":"wp","href":"https:\/\/api.w.org\/{rel}","templated":true}]}}