{"id":52437,"date":"2022-03-22T18:19:33","date_gmt":"2022-03-22T18:19:33","guid":{"rendered":"https:\/\/tuavaluo.com\/avaluo\/2022\/03\/22\/sanidad-elimina-las-cuarentenas-para-positivos-leves-y-asintomaticos-de-covid\/"},"modified":"2022-03-22T18:19:33","modified_gmt":"2022-03-22T18:19:33","slug":"sanidad-elimina-las-cuarentenas-para-positivos-leves-y-asintomaticos-de-covid","status":"publish","type":"post","link":"https:\/\/tuavaluo.com\/avaluo\/2022\/03\/22\/sanidad-elimina-las-cuarentenas-para-positivos-leves-y-asintomaticos-de-covid\/","title":{"rendered":"Sanidad elimina las cuarentenas para positivos leves y asintom\u00e1ticos de Covid"},"content":{"rendered":"<p>\u201cSe emitir\u00e1n recomendaciones dirigidas a las medidas preventivas como la utilizaci\u00f3n de mascarilla en todos los \u00e1mbitos y evitar contacto con personas vulnerables\u201d, ha a\u00f1adido el ministerio de Carolina Darias.<\/p>\n<p>Asimismo, Sanidad explica que se podr\u00e1n implementar <strong>medidas espec\u00edficas de aislamiento y control en \u00e1mbitos vulnerables<\/strong> como centros sanitarios asistenciales o sociosanitarios.<\/p>\n<p>\u201cLa CSP concluye que los cambios que han acordado se fundamentan en que los altos niveles de inmunidad alcanzados en la poblaci\u00f3n espa\u00f1ola han determinado un cambio en la epidemiolog\u00eda de la COVID-19 que apoya la transici\u00f3n hacia una estrategia diferente que vigile y dirija las actuaciones a personas y \u00e1mbitos de mayor vulnerabilidad y monitorice los casos de COVID-19 graves, y en \u00e1mbitos y personas vulnerables\u201d, ha indicado Sanidad.<\/p>\n<p>Estas modificaciones se han comunicado y valorado conjuntamente con el Centro Europeo de Control de Enfermedades y se han establecido los mecanismos para garantizar la coordinaci\u00f3n con la vigilancia a nivel europeo y la correcta inclusi\u00f3n de la informaci\u00f3n generada en Espa\u00f1a en los informes y documentos de seguimiento de la pandemia en la Uni\u00f3n Europea.<\/p>\n<p>&#013;<br \/>\nSource: Bolsamania.com<\/p>\n","protected":false},"excerpt":{"rendered":"<p>\u201cSe emitir\u00e1n recomendaciones dirigidas a las medidas preventivas como la utilizaci\u00f3n de mascarilla en todos los \u00e1mbitos y evitar contacto&#8230;<\/p>\n","protected":false},"author":1,"featured_media":0,"comment_status":"open","ping_status":"closed","sticky":false,"template":"","format":"standard","meta":[],"categories":[104],"tags":[99],"_links":{"self":[{"href":"https:\/\/tuavaluo.com\/avaluo\/wp-json\/wp\/v2\/posts\/52437"}],"collection":[{"href":"https:\/\/tuavaluo.com\/avaluo\/wp-json\/wp\/v2\/posts"}],"about":[{"href":"https:\/\/tuavaluo.com\/avaluo\/wp-json\/wp\/v2\/types\/post"}],"author":[{"embeddable":true,"href":"https:\/\/tuavaluo.com\/avaluo\/wp-json\/wp\/v2\/users\/1"}],"replies":[{"embeddable":true,"href":"https:\/\/tuavaluo.com\/avaluo\/wp-json\/wp\/v2\/comments?post=52437"}],"version-history":[{"count":0,"href":"https:\/\/tuavaluo.com\/avaluo\/wp-json\/wp\/v2\/posts\/52437\/revisions"}],"wp:attachment":[{"href":"https:\/\/tuavaluo.com\/avaluo\/wp-json\/wp\/v2\/media?parent=52437"}],"wp:term":[{"taxonomy":"category","embeddable":true,"href":"https:\/\/tuavaluo.com\/avaluo\/wp-json\/wp\/v2\/categories?post=52437"},{"taxonomy":"post_tag","embeddable":true,"href":"https:\/\/tuavaluo.com\/avaluo\/wp-json\/wp\/v2\/tags?post=52437"}],"curies":[{"name":"wp","href":"https:\/\/api.w.org\/{rel}","templated":true}]}}