{"id":52513,"date":"2022-03-24T06:49:14","date_gmt":"2022-03-24T06:49:14","guid":{"rendered":"https:\/\/tuavaluo.com\/avaluo\/2022\/03\/24\/video-zelenski-llama-a-una-manifestacion-mundial-cuando-se-cumple-un-mes-de-la-invasion\/"},"modified":"2022-03-24T06:49:14","modified_gmt":"2022-03-24T06:49:14","slug":"video-zelenski-llama-a-una-manifestacion-mundial-cuando-se-cumple-un-mes-de-la-invasion","status":"publish","type":"post","link":"https:\/\/tuavaluo.com\/avaluo\/2022\/03\/24\/video-zelenski-llama-a-una-manifestacion-mundial-cuando-se-cumple-un-mes-de-la-invasion\/","title":{"rendered":"V\u00eddeo | Zelenski llama a una manifestaci\u00f3n mundial cuando se cumple un mes de la invasi\u00f3n"},"content":{"rendered":"<div class=\"read-more-links\">\n<h5>Noticia relacionada<\/h5>\n<p><a class=\"readMore\" href=\"https:\/\/www.bolsamania.com\/noticias\/internacional\/otan-desplegara-4-batallones-amenaza-rusa--9448602.html\" rel=\"noopener noreferrer\" target=\"_blank\" data-id=\"9448602\" rel=\"nofollow\" ><\/p>\n<figure><img class=\"lazy\" title=\"Leer m&#xE1;s\" data-original=\"https:\/\/img3.s3wfg.com\/web\/img\/images_uploaded\/e\/a\/stoltenbergcb1_285x185.gif\" data-src=\"https:\/\/img3.s3wfg.com\/web\/img\/images_uploaded\/e\/a\/stoltenbergcb1_285x185.gif\" \/><\/figure>\n<p>La OTAN desplegar\u00e1 4 nuevos batallones en el este de Europa por la amenaza rusa <\/a><\/div>\n<p>Un llamamiento a la unidad que ha hecho medio en ingl\u00e9s, medio en ucraniano, en que afirma: \u00abMe rompe el coraz\u00f3n, los corazones de todos los ucranianos y de todas las personas libres del planeta. Es por eso que os pido que os opong\u00e1is a la guerra, a partir del 24 de marzo, exactamente un mes despu\u00e9s de la invasi\u00f3n rusa. A partir de este d\u00eda y m\u00e1s all\u00e1.\u00bb<\/p>\n<p>Y hace esta petici\u00f3n: \u00abVen desde tus oficinas, de tus hogares, de tus escuelas y universidades. Ven en nombre de la paz, ven con s\u00edmbolos ucranianos<strong> para apoyar a Ucrania, para apoyar a la libertad, para apoyar a la vida<\/strong>. Ve a tus plazas, a tus calles, haceos visibles y escuchados. Decid que la gente importa. La libertad importa. La paz importa. Ucrania importa. A partir del 24 de marzo, en los centros de vuestras ciudades, todos juntos, que queremos parar la guerra\u00bb.<\/p>\n<p><iframe loading=\"lazy\" width=\"760\" height=\"515\" src=\"\" frameborder=\"0\" allowfullscreen=\"\" \/><\/p>\n<p>&#013;<br \/>\nSource: Bolsamania.com<\/p>\n","protected":false},"excerpt":{"rendered":"<p>Noticia relacionada La OTAN desplegar\u00e1 4 nuevos batallones en el este de Europa por la amenaza rusa Un llamamiento a&#8230;<\/p>\n","protected":false},"author":1,"featured_media":52514,"comment_status":"open","ping_status":"closed","sticky":false,"template":"","format":"standard","meta":[],"categories":[104],"tags":[99],"_links":{"self":[{"href":"https:\/\/tuavaluo.com\/avaluo\/wp-json\/wp\/v2\/posts\/52513"}],"collection":[{"href":"https:\/\/tuavaluo.com\/avaluo\/wp-json\/wp\/v2\/posts"}],"about":[{"href":"https:\/\/tuavaluo.com\/avaluo\/wp-json\/wp\/v2\/types\/post"}],"author":[{"embeddable":true,"href":"https:\/\/tuavaluo.com\/avaluo\/wp-json\/wp\/v2\/users\/1"}],"replies":[{"embeddable":true,"href":"https:\/\/tuavaluo.com\/avaluo\/wp-json\/wp\/v2\/comments?post=52513"}],"version-history":[{"count":0,"href":"https:\/\/tuavaluo.com\/avaluo\/wp-json\/wp\/v2\/posts\/52513\/revisions"}],"wp:featuredmedia":[{"embeddable":true,"href":"https:\/\/tuavaluo.com\/avaluo\/wp-json\/wp\/v2\/media\/52514"}],"wp:attachment":[{"href":"https:\/\/tuavaluo.com\/avaluo\/wp-json\/wp\/v2\/media?parent=52513"}],"wp:term":[{"taxonomy":"category","embeddable":true,"href":"https:\/\/tuavaluo.com\/avaluo\/wp-json\/wp\/v2\/categories?post=52513"},{"taxonomy":"post_tag","embeddable":true,"href":"https:\/\/tuavaluo.com\/avaluo\/wp-json\/wp\/v2\/tags?post=52513"}],"curies":[{"name":"wp","href":"https:\/\/api.w.org\/{rel}","templated":true}]}}