{"id":52806,"date":"2022-03-29T18:59:27","date_gmt":"2022-03-29T18:59:27","guid":{"rendered":"https:\/\/tuavaluo.com\/avaluo\/2022\/03\/29\/volkswagen-vehiculos-comerciales-vuelve-a-beneficios-en-2021-gana-74-millones\/"},"modified":"2022-03-29T18:59:27","modified_gmt":"2022-03-29T18:59:27","slug":"volkswagen-vehiculos-comerciales-vuelve-a-beneficios-en-2021-gana-74-millones","status":"publish","type":"post","link":"https:\/\/tuavaluo.com\/avaluo\/2022\/03\/29\/volkswagen-vehiculos-comerciales-vuelve-a-beneficios-en-2021-gana-74-millones\/","title":{"rendered":"Volkswagen Veh\u00edculos Comerciales vuelve a beneficios en 2021: gana 74 millones"},"content":{"rendered":"<p>Despu\u00e9s de cerrar el anterior ejercicio con p\u00e9rdidas de 454 millones, la firma <strong>vendi\u00f3 359.500 veh\u00edculos comerciales<\/strong> a sus clientes durante el a\u00f1o pasado. El dato supone un r<strong>etroceso del 3,23%<\/strong> si se compara con 2020, cuando se vendieron 371.000 unidades. \u00abLa fuerte demanda de nuestros productos muestra la fortaleza de la marca y el gran inter\u00e9s que los clientes tienen en los productos que ofrecemos\u201d, ha asegurado <strong>Carsten<\/strong> <strong>Intra<\/strong>, presidente del Consejo de Administraci\u00f3n.<\/p>\n<p>Por su parte, <strong>Michael<\/strong> <strong>Obrowski<\/strong>, responsable de finanzas de la compa\u00f1\u00eda, ha se\u00f1alado que \u201chubo varias consecuencias l\u00f3gicas de la situaci\u00f3n del mercado en 2021 que influyeron positivamente en nuestro resultado: entre ellas,<strong> un menor apoyo a las ventas y un negocio de veh\u00edculos usados muy fuerte una vez m\u00e1s<\/strong>\u201d.<\/p>\n<p>\u00abOtro factor clave para el resultado positivo fue una alta disciplina de gastos y la optimizaci\u00f3n de costos en nuestra marca. Hicieron posible una recuperaci\u00f3n impresionante antes de lo previsto\u00bb, ha a\u00f1adido Obrowski. Y es que la <strong>notable reducci\u00f3n de los costes de I+D<\/strong> contribuyeron al resultado positivo de la compa\u00f1\u00eda: en 2021 se redujeron un 41,6%, pasando de los 1.031 millones de 202 a los 602 millones de euros de este \u00faltimo a\u00f1o.<\/p>\n<p>Por \u00faltimo, Intra ha se\u00f1alado que en 2030 \u201cm\u00e1s del 55% de nuestros veh\u00edculos en Europa ser\u00e1n veh\u00edculos el\u00e9ctricos de bater\u00eda alimentados por electricidad verde\u201d.<\/p>\n<p>&#013;<br \/>\nSource: Bolsamania.com<\/p>\n","protected":false},"excerpt":{"rendered":"<p>Despu\u00e9s de cerrar el anterior ejercicio con p\u00e9rdidas de 454 millones, la firma vendi\u00f3 359.500 veh\u00edculos comerciales a sus clientes&#8230;<\/p>\n","protected":false},"author":1,"featured_media":0,"comment_status":"open","ping_status":"closed","sticky":false,"template":"","format":"standard","meta":[],"categories":[104],"tags":[99],"_links":{"self":[{"href":"https:\/\/tuavaluo.com\/avaluo\/wp-json\/wp\/v2\/posts\/52806"}],"collection":[{"href":"https:\/\/tuavaluo.com\/avaluo\/wp-json\/wp\/v2\/posts"}],"about":[{"href":"https:\/\/tuavaluo.com\/avaluo\/wp-json\/wp\/v2\/types\/post"}],"author":[{"embeddable":true,"href":"https:\/\/tuavaluo.com\/avaluo\/wp-json\/wp\/v2\/users\/1"}],"replies":[{"embeddable":true,"href":"https:\/\/tuavaluo.com\/avaluo\/wp-json\/wp\/v2\/comments?post=52806"}],"version-history":[{"count":0,"href":"https:\/\/tuavaluo.com\/avaluo\/wp-json\/wp\/v2\/posts\/52806\/revisions"}],"wp:attachment":[{"href":"https:\/\/tuavaluo.com\/avaluo\/wp-json\/wp\/v2\/media?parent=52806"}],"wp:term":[{"taxonomy":"category","embeddable":true,"href":"https:\/\/tuavaluo.com\/avaluo\/wp-json\/wp\/v2\/categories?post=52806"},{"taxonomy":"post_tag","embeddable":true,"href":"https:\/\/tuavaluo.com\/avaluo\/wp-json\/wp\/v2\/tags?post=52806"}],"curies":[{"name":"wp","href":"https:\/\/api.w.org\/{rel}","templated":true}]}}