{"id":53132,"date":"2022-04-05T08:14:22","date_gmt":"2022-04-05T08:14:22","guid":{"rendered":"https:\/\/tuavaluo.com\/avaluo\/2022\/04\/05\/credit-suisse-gestion-refuerza-su-equipo-y-ficha-a-angel-bunesch-ex-de-ubs\/"},"modified":"2022-04-05T08:14:22","modified_gmt":"2022-04-05T08:14:22","slug":"credit-suisse-gestion-refuerza-su-equipo-y-ficha-a-angel-bunesch-ex-de-ubs","status":"publish","type":"post","link":"https:\/\/tuavaluo.com\/avaluo\/2022\/04\/05\/credit-suisse-gestion-refuerza-su-equipo-y-ficha-a-angel-bunesch-ex-de-ubs\/","title":{"rendered":"Credit Suisse Gesti\u00f3n refuerza su equipo y ficha a \u00c1ngel Bu\u00f1esch, ex de UBS"},"content":{"rendered":"<p>\u00cd\u00f1igo Iturriaga se une a Credit Suisse Gesti\u00f3n como <strong>responsable del nuevo equipo de Multi-Manager Solutions<\/strong>, \u00e1rea encargada de la gesti\u00f3n de los mandatos de fondos y de la inversi\u00f3n en fondos de terceros para los distintos veh\u00edculos y carteras de Credit Suisse Gesti\u00f3n.<\/p>\n<p>Hasta ahora I\u00f1igo era responsable de selecci\u00f3n de fondos para <strong>Credit Suisse AG<\/strong>, Sucursal en Espa\u00f1a, donde se incorpor\u00f3 en 2009. Dentro de Credit Suisse, \u00cd\u00f1igo ha desempe\u00f1ado diferentes funciones, incluyendo su papel como coordinador de fondos para el sur de Europa de IS&amp;P (Investment Solutions &amp; Products), departamento encargado de dar soluciones y productos de inversi\u00f3n para todo el grupo.<\/p>\n<p>Cuenta con 20 a\u00f1os de experiencia en el sector y anteriormente trabaj\u00f3 en <strong>M&amp;B Capital<\/strong>. Iturriaga es licenciado en Ciencias Econ\u00f3micas por la Universidad del Pa\u00eds Vasco y CFA Charterholder desde 2008.<\/p>\n<p><strong>\u00c1ngel Bu\u00f1esch<\/strong> se incorpora como gestor s\u00e9nior, basado en Barcelona. Bu\u00f1esch cuenta con m\u00e1s de 25 a\u00f1os de experiencia en el sector. Anteriormente trabaj\u00f3 en <strong>UBS Gesti\u00f3n SGIIC<\/strong>, como gestor s\u00e9nior de IICs y mandatos; y fue responsable de an\u00e1lisis de renta variable en Banco Sabadell Gesti\u00f3n SGIIC.<\/p>\n<p>\u00c1ngel es licenciado en Econ\u00f3micas, especialidad de Empresa, por la <strong>Universidad de Barcelona<\/strong>, as\u00ed como graduado del programa superior de Gesti\u00f3n de Patrimonios, por el IEF Barcelona. Ha cursado igualmente el programa de Asesoramiento en Servicios Financieros \u2013 MIFID II, de la Financial Times &#8211; IE Business School Corporate Learning Alliance.<\/p>\n<p>Con estas incorporaciones Credit Suisse Gesti\u00f3n termina la reorganizaci\u00f3n del \u00e1rea de inversiones en tres equipos: <strong>Renta Fija<\/strong>, liderado por <strong>Ignacio D\u00edez<\/strong>; <strong>Renta Variable<\/strong>, liderado por <strong>Patricia L\u00f3pez del R\u00edo<\/strong>; y <strong>Multi-Manager<\/strong>, liderado por <strong>\u00cd\u00f1igo Iturriaga<\/strong>. Se completa el \u00e1rea con \u00c1ngel Bu\u00f1esch como representante de la gestora en Barcelona.<\/p>\n<p>Esta reorganizaci\u00f3n demuestra el compromiso de Credit Suisse con el crecimiento en Espa\u00f1a, mercado estrat\u00e9gico para la entidad. Igualmente, destaca la capacidad del banco para atraer el mejor talento local, un elemento fundamental para continuar la consolidaci\u00f3n de Credit Suisse en todas las regiones de Espa\u00f1a. \u00cd\u00f1igo Iturriaga se incorporar\u00e1 a la oficina de Madrid y <strong>\u00c1ngel Bu\u00f1esch estar\u00e1 basado en Barcelona<\/strong>.<\/p>\n<p><strong>Gabriel Xim\u00e9nez de Emb\u00fan<\/strong>, director general de Credit Suisse Gesti\u00f3n, ha comentado que \u00abtras la incorporaci\u00f3n de tres nuevos gestores en el \u00faltimo trimestre del a\u00f1o pasado, <strong>la llegada de \u00cd\u00f1igo a nuestro equipo y la incorporaci\u00f3n de \u00c1ngel nos permiten continuar en una senda de crecimiento<\/strong> que se basa en contar con el mejor talento y la mejor experiencia en gesti\u00f3n de activos en Espa\u00f1a. Continuaremos comprometidos con ofrecer a los clientes de Credit Suisse Gesti\u00f3n las oportunidades \u00fanicas de inversi\u00f3n con el rigor y alcance que han caracterizado al grupo Credit Suisse desde sus inicios\u201d.<\/p>\n<p>&#013;<br \/>\nSource: Bolsamania.com<\/p>\n","protected":false},"excerpt":{"rendered":"<p>\u00cd\u00f1igo Iturriaga se une a Credit Suisse Gesti\u00f3n como responsable del nuevo equipo de Multi-Manager Solutions, \u00e1rea encargada de la&#8230;<\/p>\n","protected":false},"author":1,"featured_media":0,"comment_status":"open","ping_status":"closed","sticky":false,"template":"","format":"standard","meta":[],"categories":[104],"tags":[99],"_links":{"self":[{"href":"https:\/\/tuavaluo.com\/avaluo\/wp-json\/wp\/v2\/posts\/53132"}],"collection":[{"href":"https:\/\/tuavaluo.com\/avaluo\/wp-json\/wp\/v2\/posts"}],"about":[{"href":"https:\/\/tuavaluo.com\/avaluo\/wp-json\/wp\/v2\/types\/post"}],"author":[{"embeddable":true,"href":"https:\/\/tuavaluo.com\/avaluo\/wp-json\/wp\/v2\/users\/1"}],"replies":[{"embeddable":true,"href":"https:\/\/tuavaluo.com\/avaluo\/wp-json\/wp\/v2\/comments?post=53132"}],"version-history":[{"count":0,"href":"https:\/\/tuavaluo.com\/avaluo\/wp-json\/wp\/v2\/posts\/53132\/revisions"}],"wp:attachment":[{"href":"https:\/\/tuavaluo.com\/avaluo\/wp-json\/wp\/v2\/media?parent=53132"}],"wp:term":[{"taxonomy":"category","embeddable":true,"href":"https:\/\/tuavaluo.com\/avaluo\/wp-json\/wp\/v2\/categories?post=53132"},{"taxonomy":"post_tag","embeddable":true,"href":"https:\/\/tuavaluo.com\/avaluo\/wp-json\/wp\/v2\/tags?post=53132"}],"curies":[{"name":"wp","href":"https:\/\/api.w.org\/{rel}","templated":true}]}}