{"id":54066,"date":"2022-04-25T12:39:06","date_gmt":"2022-04-25T12:39:06","guid":{"rendered":"https:\/\/tuavaluo.com\/avaluo\/2022\/04\/25\/iberdrola-construye-un-parque-eolico-marino-de-476-mw-en-el-mar-baltico\/"},"modified":"2022-04-25T12:39:06","modified_gmt":"2022-04-25T12:39:06","slug":"iberdrola-construye-un-parque-eolico-marino-de-476-mw-en-el-mar-baltico","status":"publish","type":"post","link":"https:\/\/tuavaluo.com\/avaluo\/2022\/04\/25\/iberdrola-construye-un-parque-eolico-marino-de-476-mw-en-el-mar-baltico\/","title":{"rendered":"Iberdrola construye un parque e\u00f3lico marino de 476 MW en el mar B\u00e1ltico"},"content":{"rendered":"<p>Con una capacidad de <strong>476 MW, Baltic Eagle ser\u00e1 capaz de abastecer de energ\u00eda renovable a 475.000 hogares<\/strong> y evitar\u00e1 la emisi\u00f3n de m\u00e1s de 800.000 toneladas de CO2 a\u00f1o. La fase de construcci\u00f3n arranca tras obtener las aprobaciones de la Agencia Federal Mar\u00edtima e Hidrogr\u00e1fica (BSH) de Alemania. <strong>El parque e\u00f3lico estar\u00e1 plenamente operativo a finales de 2024.<\/strong><\/p>\n<p>Ubicado a 30 kil\u00f3metros del nordeste de la isla de R\u00fcgen, frente a la costa de Pomerania,<strong> Baltic Eagle forma parte del que ser\u00e1 el mayor complejo e\u00f3lico marino del mar B\u00e1ltico<\/strong>, con una capacidad total instalada de m\u00e1s de 1.100 MW y una inversi\u00f3n conjunta de 3.500 millones de euros. Este &#8216;hub&#8217; est\u00e1 integrado tambi\u00e9n por los parques e\u00f3licos marinos de <strong>Wikinger (350 MW)<\/strong>, puesto en marcha a finales de 2017, y <strong>Windanker (300 MW)<\/strong>, que comenzar\u00e1 a operar en 2026.<\/p>\n<p>Actualmente, la compa\u00f1\u00eda <strong>ha iniciado los trabajos de localizaci\u00f3n y eliminaci\u00f3n de munici\u00f3n no explotada<\/strong> del fondo marino para garantizar la seguridad de las obras mientras sigue avanzando con la producci\u00f3n de los componentes de las cimentaciones.<\/p>\n<p><strong>Widnar ha fabricado la primera de las 50 piezas de transici\u00f3n con las que contar\u00e1 la instalaci\u00f3n,<\/strong> que unen las torres de las turbinas e\u00f3licas a los cimientos. Este proceso crear\u00e1 unos 800 puestos de trabajo y se prolongar\u00e1 hasta finales de a\u00f1o. La carga rumbo a Alemania est\u00e1 prevista para principios de 2023.<\/p>\n<p>La subestaci\u00f3n mar\u00edtima tambi\u00e9n <strong>sigue el calendario previsto y se espera la entrega de la plataforma este a\u00f1o para su instalaci\u00f3n en el emplazamiento.<\/strong> Ser\u00e1 utilizada de forma conjunta por Iberdrola y 50Hertz, el operador del sistema de transmisi\u00f3n en el nordeste de Alemania y responsable de la conexi\u00f3n del parque e\u00f3lico marino a la red.<\/p>\n<p>&#013;<br \/>\nSource: Bolsamania.com<\/p>\n","protected":false},"excerpt":{"rendered":"<p>Con una capacidad de 476 MW, Baltic Eagle ser\u00e1 capaz de abastecer de energ\u00eda renovable a 475.000 hogares y evitar\u00e1&#8230;<\/p>\n","protected":false},"author":1,"featured_media":0,"comment_status":"open","ping_status":"closed","sticky":false,"template":"","format":"standard","meta":[],"categories":[104],"tags":[99],"_links":{"self":[{"href":"https:\/\/tuavaluo.com\/avaluo\/wp-json\/wp\/v2\/posts\/54066"}],"collection":[{"href":"https:\/\/tuavaluo.com\/avaluo\/wp-json\/wp\/v2\/posts"}],"about":[{"href":"https:\/\/tuavaluo.com\/avaluo\/wp-json\/wp\/v2\/types\/post"}],"author":[{"embeddable":true,"href":"https:\/\/tuavaluo.com\/avaluo\/wp-json\/wp\/v2\/users\/1"}],"replies":[{"embeddable":true,"href":"https:\/\/tuavaluo.com\/avaluo\/wp-json\/wp\/v2\/comments?post=54066"}],"version-history":[{"count":0,"href":"https:\/\/tuavaluo.com\/avaluo\/wp-json\/wp\/v2\/posts\/54066\/revisions"}],"wp:attachment":[{"href":"https:\/\/tuavaluo.com\/avaluo\/wp-json\/wp\/v2\/media?parent=54066"}],"wp:term":[{"taxonomy":"category","embeddable":true,"href":"https:\/\/tuavaluo.com\/avaluo\/wp-json\/wp\/v2\/categories?post=54066"},{"taxonomy":"post_tag","embeddable":true,"href":"https:\/\/tuavaluo.com\/avaluo\/wp-json\/wp\/v2\/tags?post=54066"}],"curies":[{"name":"wp","href":"https:\/\/api.w.org\/{rel}","templated":true}]}}