{"id":54724,"date":"2022-05-06T14:08:40","date_gmt":"2022-05-06T14:08:40","guid":{"rendered":"https:\/\/tuavaluo.com\/avaluo\/2022\/05\/06\/guerra-de-iberdrola-contra-el-gobierno-por-la-tarifa-regulada-de-la-luz\/"},"modified":"2022-05-06T14:08:40","modified_gmt":"2022-05-06T14:08:40","slug":"guerra-de-iberdrola-contra-el-gobierno-por-la-tarifa-regulada-de-la-luz","status":"publish","type":"post","link":"https:\/\/tuavaluo.com\/avaluo\/2022\/05\/06\/guerra-de-iberdrola-contra-el-gobierno-por-la-tarifa-regulada-de-la-luz\/","title":{"rendered":"&#039;Guerra&#039; de Iberdrola contra el Gobierno por la tarifa regulada de la luz"},"content":{"rendered":"<p>Seg\u00fan explica la compa\u00f1\u00eda el\u00e9ctrica, en esta campa\u00f1a se anima a los consumidores a suscribir contratos de suministro el\u00e9ctrico a trav\u00e9s de contratos libres por ser m\u00e1s baratos que la tarifa regulada por el Gobierno.<\/p>\n<p>\u00abVeinte millones de hogares en Espa\u00f1a han visto c\u00f3mo su recibo de la luz es igual o menor que hace un a\u00f1o. Son los de aquellos ciudadanos que tienen tarifa libre. Sin embargo, los contratos de la tarifa regulada por el Gobierno tienen como referencia los vaivenes diarios de los mercados de la energ\u00eda y<strong> resultan insoportables para los ciudadanos adscritos a esta tarifa<\/strong>\u00ab, dicen.<\/p>\n<p>Iberdrola asegura que \u00abahorro, estabilidad y seguridad son las propuestas por las que apuesta la compa\u00f1\u00eda, frente a los contratos sometidos a las incertidumbres y a la coyuntura de un mercado regulado e inestable\u00bb. Seg\u00fan ellos, \u00abEspa\u00f1a es el \u00fanico pa\u00eds de Europa cuya <strong>tarifa regulada cambia cada hora<\/strong>, lo que genera a los clientes m\u00e1s dudas e incertidumbre\u00bb.<\/p>\n<p>El lanzamiento de esta campa\u00f1a aparece justo despu\u00e9s de que Gal\u00e1n dijera que \u00abel 80% de los espa\u00f1oles est\u00e1n pagando menos precio que en el a\u00f1o 2018 porque <strong>han bajado los impuestos<\/strong>; solamente los tontos que siguen con la tarifa regulada marcada por el Gobierno pagan ese precio\u00bb.<\/p>\n<p>Unas declaraciones que no han tardado en tener respuesta por parte del Ejecutivo. Ha sido Calvi\u00f1o la que ha contestado a Gal\u00e1n, diciendo que le \u00abparece <strong>asombrosa la falta de empat\u00eda, la ligereza y el tono<\/strong> con el que se habla de un tema tan importante para las familias y ciudadanos y tambi\u00e9n para la econom\u00eda espa\u00f1ola\u00bb.<\/p>\n<p>\u00abCreo que, adem\u00e1s, las compa\u00f1\u00edas energ\u00e9ticas tienen una responsabilidad especial en este momento, as\u00ed que les insto a que trabajen en favor del inter\u00e9s general\u00bb, ha a\u00f1adido la vicepresidenta primera del Gobierno, <strong>pidiendo a las el\u00e9ctricas que \u00abarrimen el hombro\u00bb<\/strong>.<\/p>\n<p>M\u00e1s tarde ha sido la vicepresidenta segunda y ministra de Trabajo, <strong>Yolanda D\u00edaz<\/strong>, la que tambi\u00e9n ha reaccionado, calificando de \u00abverg\u00fcenza\u00bb las palabras de Gal\u00e1n, a quien ha pedido que rectifique: \u00abDebe de rectificar con car\u00e1cter inmediato, no es una persona cualquiera. Que una persona como \u00e9l se mofe de las personas m\u00e1s necesitadas de nuestro pa\u00eds <strong>es una verg\u00fcenza<\/strong>\u00ab. \u00abCreo que la ciudadan\u00eda merece no solo la rectificaci\u00f3n del se\u00f1or Gal\u00e1n, sino tambi\u00e9n la petici\u00f3n de perd\u00f3n por sus declaraciones\u00bb, ha afirmado D\u00edaz, destacando que son precisamente \u00ablos m\u00e1s d\u00e9biles los que est\u00e1n acogidos a esa tarifa\u00bb <\/p>\n<p>&#013;<br \/>\nSource: Bolsamania.com<\/p>\n","protected":false},"excerpt":{"rendered":"<p>Seg\u00fan explica la compa\u00f1\u00eda el\u00e9ctrica, en esta campa\u00f1a se anima a los consumidores a suscribir contratos de suministro el\u00e9ctrico a&#8230;<\/p>\n","protected":false},"author":1,"featured_media":0,"comment_status":"open","ping_status":"closed","sticky":false,"template":"","format":"standard","meta":[],"categories":[104],"tags":[99],"_links":{"self":[{"href":"https:\/\/tuavaluo.com\/avaluo\/wp-json\/wp\/v2\/posts\/54724"}],"collection":[{"href":"https:\/\/tuavaluo.com\/avaluo\/wp-json\/wp\/v2\/posts"}],"about":[{"href":"https:\/\/tuavaluo.com\/avaluo\/wp-json\/wp\/v2\/types\/post"}],"author":[{"embeddable":true,"href":"https:\/\/tuavaluo.com\/avaluo\/wp-json\/wp\/v2\/users\/1"}],"replies":[{"embeddable":true,"href":"https:\/\/tuavaluo.com\/avaluo\/wp-json\/wp\/v2\/comments?post=54724"}],"version-history":[{"count":0,"href":"https:\/\/tuavaluo.com\/avaluo\/wp-json\/wp\/v2\/posts\/54724\/revisions"}],"wp:attachment":[{"href":"https:\/\/tuavaluo.com\/avaluo\/wp-json\/wp\/v2\/media?parent=54724"}],"wp:term":[{"taxonomy":"category","embeddable":true,"href":"https:\/\/tuavaluo.com\/avaluo\/wp-json\/wp\/v2\/categories?post=54724"},{"taxonomy":"post_tag","embeddable":true,"href":"https:\/\/tuavaluo.com\/avaluo\/wp-json\/wp\/v2\/tags?post=54724"}],"curies":[{"name":"wp","href":"https:\/\/api.w.org\/{rel}","templated":true}]}}