{"id":55153,"date":"2022-05-16T15:08:57","date_gmt":"2022-05-16T15:08:57","guid":{"rendered":"https:\/\/tuavaluo.com\/avaluo\/2022\/05\/16\/finlandia-y-suecia-anuncian-su-intencion-de-formar-parte-de-la-otan\/"},"modified":"2022-05-16T15:08:57","modified_gmt":"2022-05-16T15:08:57","slug":"finlandia-y-suecia-anuncian-su-intencion-de-formar-parte-de-la-otan","status":"publish","type":"post","link":"https:\/\/tuavaluo.com\/avaluo\/2022\/05\/16\/finlandia-y-suecia-anuncian-su-intencion-de-formar-parte-de-la-otan\/","title":{"rendered":"Finlandia y Suecia anuncian su intenci\u00f3n de formar parte de la OTAN"},"content":{"rendered":"<p><strong>\u00abEs un d\u00eda hist\u00f3rico. Se inicia una nueva era\u00bb<\/strong>, asegur\u00f3 <strong>Sauli Niinist\u00f6<\/strong>, presidente de Finlandia, en una conferencia de prensa conjunta junto a la primera ministra del pa\u00eds, <strong>Sanna Marin<\/strong>. Luego de que la Comisi\u00f3n de Pol\u00edtica Exterior y Seguridad del Gobierno haya dado su visto bueno, <strong>el Parlamento fin\u00e9s debatir\u00e1 sobre esta inclusi\u00f3n<\/strong>, una propuesta que cuenta con el benepl\u00e1cito de pr\u00e1cticamente todas las formaciones pol\u00edticas, a excepci\u00f3n de la Alianza de Izquierdas, y para la que se espera un apoyo abrumador.<\/p>\n<p>Por su parte, la socialdem\u00f3crata <strong>Magdalena<\/strong> <strong>Andersson<\/strong>, primera ministra sueca y l\u00edder del Gobierno en minor\u00eda, as\u00ed como el l\u00edder de la oposici\u00f3n, el conservador Ulf Kristersson, han anunciado la intenci\u00f3n de Suecia de sumarse a la Alianza Atl\u00e1ntica. <strong>\u201cHay una clara mayor\u00eda parlamentaria que respalda el ingreso\u201d<\/strong>, ha asegurado Andersson en rueda de prensa, luego de que solo La Izquierda y el Partido Verde, que suman 43 de los 349 esca\u00f1os del Riksdag sueco, se hayan mostrado en contra de esta adhesi\u00f3n.<\/p>\n<p>La ampliaci\u00f3n de la OTAN <strong>requiere del consenso de los 30 estados miembros<\/strong>, una unidad que \u00fanicamente rompe <strong>Turqu\u00eda<\/strong>, que podr\u00eda vetar la entrada de los dos pa\u00edses b\u00e1lticos. El presidente turco Recep Tayyip <strong>Erdogan ha se\u00f1alado que su pa\u00eds \u201cno es favorable\u201d<\/strong> a que Finlandia y Suecia se unan a la Alianza, acus\u00e1ndolos de albergar organizaciones terroristas kurdas: \u201cLos pa\u00edses escandinavos son pr\u00e1cticamente albergues de organizaciones terroristas. Hay incluso quienes se sientan en los parlamentos de algunos pa\u00edses. No nos es posible estar a favor\u201d.<\/p>\n<p>\u00abConf\u00edo en que seremos capaces de encontrar un terreno com\u00fan, un consenso sobre c\u00f3mo avanzar en las cuestiones relativas a la adhesi\u00f3n\u00bb, ha apuntado el secretario general de la OTAN, <strong>Jens<\/strong> <strong>Stoltenberg<\/strong>, antes de a\u00f1adir que mantiene el contacto con el ministro de Asuntos Exteriores turco, Mevlut Cavusoglu.<\/p>\n<p>Por su parte,<strong> la OTAN estudia desplegar tropas e infraestructura militar en Finlandia y Suecia<\/strong> mientras finalice el proceso de adhesi\u00f3n de ambos pa\u00edses a la Alianza, un proceso que podr\u00eda extenderse durante un a\u00f1o. \u201cBuscaremos formas de dar garant\u00edas de seguridad, incluyendo aumentar la presencia de la OTAN en el B\u00e1ltico y dentro y alrededor de Suecia y Finlandia\u201d, ha asegurado Stoltenberg.<\/p>\n<p>En este sentido, el presidente ruso <strong>Vladimir<\/strong> <strong>Putin<\/strong> ha se\u00f1alado que la entrada de ambos pa\u00edses en la OTAN \u201cno supone un problema para Rusia\u201d, pero s\u00ed <strong>ha advertido que habr\u00e1 \u201crespuesta\u201d si se amplia la infraestructura militar de la OTAN a Suecia o Finlandia<\/strong>.<\/p>\n<p>&#013;<br \/>\nSource: Bolsamania.com<\/p>\n","protected":false},"excerpt":{"rendered":"<p>\u00abEs un d\u00eda hist\u00f3rico. Se inicia una nueva era\u00bb, asegur\u00f3 Sauli Niinist\u00f6, presidente de Finlandia, en una conferencia de prensa&#8230;<\/p>\n","protected":false},"author":1,"featured_media":0,"comment_status":"open","ping_status":"closed","sticky":false,"template":"","format":"standard","meta":[],"categories":[104],"tags":[99],"_links":{"self":[{"href":"https:\/\/tuavaluo.com\/avaluo\/wp-json\/wp\/v2\/posts\/55153"}],"collection":[{"href":"https:\/\/tuavaluo.com\/avaluo\/wp-json\/wp\/v2\/posts"}],"about":[{"href":"https:\/\/tuavaluo.com\/avaluo\/wp-json\/wp\/v2\/types\/post"}],"author":[{"embeddable":true,"href":"https:\/\/tuavaluo.com\/avaluo\/wp-json\/wp\/v2\/users\/1"}],"replies":[{"embeddable":true,"href":"https:\/\/tuavaluo.com\/avaluo\/wp-json\/wp\/v2\/comments?post=55153"}],"version-history":[{"count":0,"href":"https:\/\/tuavaluo.com\/avaluo\/wp-json\/wp\/v2\/posts\/55153\/revisions"}],"wp:attachment":[{"href":"https:\/\/tuavaluo.com\/avaluo\/wp-json\/wp\/v2\/media?parent=55153"}],"wp:term":[{"taxonomy":"category","embeddable":true,"href":"https:\/\/tuavaluo.com\/avaluo\/wp-json\/wp\/v2\/categories?post=55153"},{"taxonomy":"post_tag","embeddable":true,"href":"https:\/\/tuavaluo.com\/avaluo\/wp-json\/wp\/v2\/tags?post=55153"}],"curies":[{"name":"wp","href":"https:\/\/api.w.org\/{rel}","templated":true}]}}