{"id":56843,"date":"2023-02-09T09:04:26","date_gmt":"2023-02-09T09:04:26","guid":{"rendered":"https:\/\/tuavaluo.com\/avaluo\/2023\/02\/09\/sabor-agridulce-en-alemania-el-ipc-sube-al-87-en-enero-pero-el-armonizado-cae-al-92\/"},"modified":"2023-02-09T09:04:26","modified_gmt":"2023-02-09T09:04:26","slug":"sabor-agridulce-en-alemania-el-ipc-sube-al-87-en-enero-pero-el-armonizado-cae-al-92","status":"publish","type":"post","link":"https:\/\/tuavaluo.com\/avaluo\/2023\/02\/09\/sabor-agridulce-en-alemania-el-ipc-sube-al-87-en-enero-pero-el-armonizado-cae-al-92\/","title":{"rendered":"Sabor agridulce en Alemania: el IPC sube al 8,7% en enero pero el armonizado cae al 9,2%"},"content":{"rendered":"<p>As\u00ed lo confirma la primera lectura de la inflaci\u00f3n de enero publicada este jueves por la Oficina Federal de Estad\u00edstica alemana (Destatis), que ha mejorado las previsiones de los expertos.<\/p>\n<p>Cabe recordar que unos problemas t\u00e9cnicos en la oficina de estad\u00edstica alemana retrasaron la publicaci\u00f3n de los datos y obligaron a Eurostat a informar de las cifras de inflaci\u00f3n de enero utilizando su propia estimaci\u00f3n para Alemania. As\u00ed, el dato avanzado para la eurozona situ\u00f3 la inflaci\u00f3n en el 8,5% en enero, frente al 9,2% de diciembre.<\/p>\n<p>Friedrich Heinemann, economista del ZEW, ha dicho que los datos sugieren que la inflaci\u00f3n en Alemania ha tocado techo. \u00abSin embargo, cualquiera que tome esto como una oportunidad para advertir al Banco Central Europeo contra nuevas subidas de los tipos de inter\u00e9s sufre de una percepci\u00f3n distorsionada\u00bb, ha apuntado el experto. \u00abIncluso la ca\u00edda de la inflaci\u00f3n que cabe esperar a partir de ahora no cambia el hecho de que el BCE sigue muy lejos de su objetivo del 2%\u00bb, ha remarcado.<\/p>\n<p>Por su parte, los estrategas de ING apuntan que no hay \u00abning\u00fan motivo de alivio\u00bb en estas cifras. Creen que la inflaci\u00f3n \u00abestar\u00e1 rodeada de mucho ruido este a\u00f1o, ya que las medidas gubernamentales y los cambios estad\u00edsticos siguen afectando a las cifras. Y es que Destatis ha informado de que como parte de un proceso regular, el \u00edndice de precios al consumo de Alemania ha sido revisado y que, con efecto a partir de enero de 2023, el \u00edndice de precios al consumo se reajusta desde 2015 al a\u00f1o base 2020. En este contexto, se recalculan los resultados a partir de enero de 2020.<\/p>\n<p>\u00abEl hecho de que la inflaci\u00f3n general alemana pueda aumentar y disminuir al mismo tiempo tiene que ver con un reajuste de las series temporales nacionales y con cambios en las ponderaciones\u00bb, dice ING, que augura que el BCE no tiene por delante una \u00abtarea f\u00e1cil\u00bb por delante.<\/p>\n<p>Asimismo, cree que el dato de enero no ser\u00e1 el \u00fanico rodeado de ruido estad\u00edstico este a\u00f1o. Los expertos del banco holand\u00e9s recuerdan que seg\u00fan las estimaciones del Bundesbank, la limitaci\u00f3n de los precios de la energ\u00eda y el abaratamiento de los billetes de transporte p\u00fablico reducir\u00e1n la inflaci\u00f3n media alemana en 1,5 puntos porcentuales este a\u00f1o.<\/p>\n<p>La limitaci\u00f3n del precio de la energ\u00eda entrar\u00e1 en vigor el 1 de marzo, pero se pagar\u00e1 con car\u00e1cter retroactivo. \u00abNo est\u00e1 claro c\u00f3mo la oficina estad\u00edstica ha tenido en cuenta este efecto. Y a\u00fan hay m\u00e1s. Los efectos de base negativos del paquete de medidas de alivio energ\u00e9tico del a\u00f1o pasado para los meses de verano deber\u00edan hacer subir autom\u00e1ticamente la inflaci\u00f3n general entre junio y agosto\u00bb, apuntan.<\/p>\n<p>En cualquier caso, en ING consideran que la inflaci\u00f3n general en Alemania \u00abparece haber tocado techo y, a menos que se produzca de nuevo una fuerte subida de los precios de la energ\u00eda, las cifras de inflaci\u00f3n de dos d\u00edgitos deber\u00edan quedar atr\u00e1s\u00bb. Aunque el camino \u00abno ser\u00e1 f\u00e1cil\u00bb y se espera un proceso desinflacionista \u00ablento y gradual\u00bb tanto en Alemania como en el resto de la eurozona.<\/p>\n<p>&#013;<br \/>\nSource: Bolsamania.com<\/p>\n","protected":false},"excerpt":{"rendered":"<p>As\u00ed lo confirma la primera lectura de la inflaci\u00f3n de enero publicada este jueves por la Oficina Federal de Estad\u00edstica&#8230;<\/p>\n","protected":false},"author":1,"featured_media":0,"comment_status":"open","ping_status":"closed","sticky":false,"template":"","format":"standard","meta":[],"categories":[104],"tags":[99],"_links":{"self":[{"href":"https:\/\/tuavaluo.com\/avaluo\/wp-json\/wp\/v2\/posts\/56843"}],"collection":[{"href":"https:\/\/tuavaluo.com\/avaluo\/wp-json\/wp\/v2\/posts"}],"about":[{"href":"https:\/\/tuavaluo.com\/avaluo\/wp-json\/wp\/v2\/types\/post"}],"author":[{"embeddable":true,"href":"https:\/\/tuavaluo.com\/avaluo\/wp-json\/wp\/v2\/users\/1"}],"replies":[{"embeddable":true,"href":"https:\/\/tuavaluo.com\/avaluo\/wp-json\/wp\/v2\/comments?post=56843"}],"version-history":[{"count":0,"href":"https:\/\/tuavaluo.com\/avaluo\/wp-json\/wp\/v2\/posts\/56843\/revisions"}],"wp:attachment":[{"href":"https:\/\/tuavaluo.com\/avaluo\/wp-json\/wp\/v2\/media?parent=56843"}],"wp:term":[{"taxonomy":"category","embeddable":true,"href":"https:\/\/tuavaluo.com\/avaluo\/wp-json\/wp\/v2\/categories?post=56843"},{"taxonomy":"post_tag","embeddable":true,"href":"https:\/\/tuavaluo.com\/avaluo\/wp-json\/wp\/v2\/tags?post=56843"}],"curies":[{"name":"wp","href":"https:\/\/api.w.org\/{rel}","templated":true}]}}