{"id":56868,"date":"2023-02-09T13:13:56","date_gmt":"2023-02-09T13:13:56","guid":{"rendered":"https:\/\/tuavaluo.com\/avaluo\/2023\/02\/09\/turquia-eleva-a-17-000-los-fallecidos-y-a-60-000-los-heridos-por-el-terremoto\/"},"modified":"2023-02-09T13:13:56","modified_gmt":"2023-02-09T13:13:56","slug":"turquia-eleva-a-17-000-los-fallecidos-y-a-60-000-los-heridos-por-el-terremoto","status":"publish","type":"post","link":"https:\/\/tuavaluo.com\/avaluo\/2023\/02\/09\/turquia-eleva-a-17-000-los-fallecidos-y-a-60-000-los-heridos-por-el-terremoto\/","title":{"rendered":"Turqu\u00eda eleva a 17.000 los fallecidos y a 60.000 los heridos por el terremoto"},"content":{"rendered":"<div class=\"read-more-links\">\n<h5>Noticia relacionada<\/h5>\n<p><a class=\"readMore\" href=\"https:\/\/www.bolsamania.com\/noticias\/internacional\/terremoto-turquia-siria-centenar-muertos-temblor-78-grados--12211726.html\" rel=\"noopener noreferrer\" target=\"_blank\" data-id=\"12211726\" rel=\"nofollow\" ><\/p>\n<figure><img class=\"lazy\" title=\"Leer m&#xE1;s\" data-original=\"https:\/\/img2.s3wfg.com\/web\/img\/images_uploaded\/1\/7\/terremoto_turkiye_285x185.jpg\" data-src=\"https:\/\/img2.s3wfg.com\/web\/img\/images_uploaded\/1\/7\/terremoto_turkiye_285x185.jpg\" \/><\/figure>\n<p>Terremoto en Turqu\u00eda: m\u00e1s de 4.800 muertos y 19.000 heridos tras un temblor de 7,8 grados <\/a><\/div>\n<p>El vicepresidente turco, Fuat Oktay, ha se\u00f1alado que el terremoto es el \u201ctercero de m\u00e1s magnitud en los \u00faltimos 2.000 a\u00f1os, desde el terremoto de 1668 y el de Erzincan en 1939\u201d. Por su parte, <a href=\"https:\/\/www.bolsamania.com\/noticias\/pulsos-europa\/turquia-declara-estado-emergencia-tres-meses-terremoto--12238664.html\" target=\"_blank\"  rel=\"nofollow\" ><strong>el presidente otomano, Recep Tayyip Erdogan, declar\u00f3 este pasado martes el estado de emergencia<\/strong><\/a> en las 10 provincias golpeadas por el terremoto durante los pr\u00f3ximos tres meses. \u201cHemos movilizado todos los recursos del Estado, trabajamos con todos los medios que tenemos\u201d, se\u00f1al\u00f3.<\/p>\n<p>\u00abEstos terremotos han causado una gran destrucci\u00f3n en un \u00e1rea muy grande en comparaci\u00f3n con otros similares. <strong>Como resultado, nos enfrentamos a uno de los mayores desastres no solo de nuestra historia republicana, sino tambi\u00e9n de nuestra regi\u00f3n y del mundo<\/strong>\u00ab, destac\u00f3 Erogan, quien tambi\u00e9n se\u00f1al\u00f3 que intervendr\u00e1n contra \u201clos saques\u201d con estos poderes. \u201cEl Estado de excepci\u00f3n dar\u00e1 al Estado la oportunidad de luchar contra quienes abusen del proceso (de rescate y reconstrucci\u00f3n)\u201d, advirti\u00f3.<\/p>\n<p>Asimismo, el Gobierno de Turqu\u00eda ha creado un Centro de Gesti\u00f3n de Crisis que el Ministerio de Defensa dirigir\u00e1 para \u201cenfrentar este gran desastre\u201d y transportar personal y equipos de rescate a trav\u00e9s de un puente de ayuda a\u00e9rea.<\/p>\n<blockquote class=\"twitter-tweet\">\n<p dir=\"ltr\" lang=\"es\">El Grupo Anfibio Aeronaval <a href=\"https:\/\/twitter.com\/hashtag\/D%C3%A9dalo23?src=hash&amp;ref_src=twsrc%5Etfw\" target=\"_blank\"  rel=\"nofollow\" >#D\u00e9dalo23<\/a> llega a la costa de <a href=\"https:\/\/twitter.com\/hashtag\/Turqu%C3%ADa?src=hash&amp;ref_src=twsrc%5Etfw\" target=\"_blank\"  rel=\"nofollow\" >#Turqu\u00eda<\/a> para comenzar las labores de coordinaci\u00f3n de ayuda humanitaria junto con las agencias civiles y locales. <a href=\"https:\/\/twitter.com\/Armada_esp?ref_src=twsrc%5Etfw\" target=\"_blank\"  rel=\"nofollow\" >@Armada_esp<\/a><a href=\"https:\/\/twitter.com\/hashtag\/MOPS?src=hash&amp;ref_src=twsrc%5Etfw\" target=\"_blank\"  rel=\"nofollow\" >#MOPS<\/a> <a href=\"https:\/\/t.co\/Q6KnP3p6VC\" target=\"_blank\"  rel=\"nofollow\" >pic.twitter.com\/Q6KnP3p6VC<\/a><\/p>\n<p>\u2014 Estado Mayor Defensa \ud83c\uddea\ud83c\uddf8 (@EMADmde) <a href=\"https:\/\/twitter.com\/EMADmde\/status\/1623381967973584900?ref_src=twsrc%5Etfw\" target=\"_blank\"  rel=\"nofollow\" >February 8, 2023<\/a><\/p><\/blockquote>\n<p>Espa\u00f1a tambi\u00e9n se ha movilizado para ofrecer asistencia a Turqu\u00eda y Siria. El Ministerio de Asuntos Exteriores anunci\u00f3 el martes que movilizar\u00eda su hospital de campa\u00f1a y equipo m\u00e9dico de emergencias humanitarias a la zona. El equipo <strong>START (Equipo T\u00e9cnico Espa\u00f1ol de Ayuda y Respuesta en Emergencias)<\/strong>, tambi\u00e9n conocido como los \u201cchalecos rojos\u201d, dispone de un hospital de campa\u00f1a en el que participar\u00e1n m\u00e1s de 70 personas entre profesionales del Sistema Nacional de Salud, logistas y personal de la Oficina de Acci\u00f3n Humanitaria de la AECID, que lidera y coordina las misiones del equipo. Asimismo, el Estado Mayor de la Defensa ha anunciado que el Grupo Anfibio Aeronaval espa\u00f1ol D\u00e9dalo 23 ha llegado a las costas de Turqu\u00eda.<\/p>\n<p>Al otro lado de la frontera, en <strong>Siria<\/strong>, el <strong>primer convoy de ayuda humanitaria de las Naciones Unidas<\/strong> ha llegado al pa\u00eds oriental tras cruzar la frontera con Turqu\u00eda <strong>en el paso de Bab al Hawa<\/strong>. Por su parte, <strong>tanto Estados Unidos como la Uni\u00f3n Europea han prometido su ayuda a todas las zonas afectadas<\/strong> por el sismo, tanto las controladas por las fuerzas de Bachar Al Assad como las controladas por la oposici\u00f3n al mandatario sirio.<\/p>\n<p>&#013;<br \/>\nSource: Bolsamania.com<\/p>\n","protected":false},"excerpt":{"rendered":"<p>Noticia relacionada Terremoto en Turqu\u00eda: m\u00e1s de 4.800 muertos y 19.000 heridos tras un temblor de 7,8 grados El vicepresidente&#8230;<\/p>\n","protected":false},"author":1,"featured_media":56869,"comment_status":"open","ping_status":"closed","sticky":false,"template":"","format":"standard","meta":[],"categories":[104],"tags":[99],"_links":{"self":[{"href":"https:\/\/tuavaluo.com\/avaluo\/wp-json\/wp\/v2\/posts\/56868"}],"collection":[{"href":"https:\/\/tuavaluo.com\/avaluo\/wp-json\/wp\/v2\/posts"}],"about":[{"href":"https:\/\/tuavaluo.com\/avaluo\/wp-json\/wp\/v2\/types\/post"}],"author":[{"embeddable":true,"href":"https:\/\/tuavaluo.com\/avaluo\/wp-json\/wp\/v2\/users\/1"}],"replies":[{"embeddable":true,"href":"https:\/\/tuavaluo.com\/avaluo\/wp-json\/wp\/v2\/comments?post=56868"}],"version-history":[{"count":0,"href":"https:\/\/tuavaluo.com\/avaluo\/wp-json\/wp\/v2\/posts\/56868\/revisions"}],"wp:featuredmedia":[{"embeddable":true,"href":"https:\/\/tuavaluo.com\/avaluo\/wp-json\/wp\/v2\/media\/56869"}],"wp:attachment":[{"href":"https:\/\/tuavaluo.com\/avaluo\/wp-json\/wp\/v2\/media?parent=56868"}],"wp:term":[{"taxonomy":"category","embeddable":true,"href":"https:\/\/tuavaluo.com\/avaluo\/wp-json\/wp\/v2\/categories?post=56868"},{"taxonomy":"post_tag","embeddable":true,"href":"https:\/\/tuavaluo.com\/avaluo\/wp-json\/wp\/v2\/tags?post=56868"}],"curies":[{"name":"wp","href":"https:\/\/api.w.org\/{rel}","templated":true}]}}