{"id":57718,"date":"2023-02-27T13:06:05","date_gmt":"2023-02-27T13:06:05","guid":{"rendered":"https:\/\/tuavaluo.com\/avaluo\/2023\/02\/27\/ikea-desembarca-en-la-diagonal-con-su-primera-tienda-urbana-de-barcelona\/"},"modified":"2023-02-27T13:06:05","modified_gmt":"2023-02-27T13:06:05","slug":"ikea-desembarca-en-la-diagonal-con-su-primera-tienda-urbana-de-barcelona","status":"publish","type":"post","link":"https:\/\/tuavaluo.com\/avaluo\/2023\/02\/27\/ikea-desembarca-en-la-diagonal-con-su-primera-tienda-urbana-de-barcelona\/","title":{"rendered":"Ikea desembarca en la Diagonal con su primera tienda urbana de Barcelona"},"content":{"rendered":"<p>El edificio, propiedad de <strong><a href=\"https:\/\/www.bolsamania.com\/noticias\/analisis-tecnico\/nueva-senal-de-fortaleza-en-inmobiliaria-colonial-que-no-se-cansa-de-subir--12195774.html\" rel=\"noopener noreferrer\" target=\"_blank\" rel=\"nofollow\" >Colonial<\/a><\/strong>, ha sido recientemente reformado y contar\u00e1 con m\u00e1s de 2500 metros cuadrados entre los que se encontrar\u00e1n la restauraci\u00f3n \u00abSwedish Bite\u00bb, de 51 metros cuadrados, y una terraza.<\/p>\n<p>Este formato de tienda constituye \u00abla <strong>apuesta firme<\/strong> de la compa\u00f1\u00eda por estar m\u00e1s cerca de sus clientes en <strong>Barcelona<\/strong>\u201d, como han apuntado en un comunicado desde la <strong>empresa<\/strong>.<\/p>\n<p>El edificio, situado en <strong>Diagonal 530-532,<\/strong> cuenta con <strong>nueve plantas<\/strong> totalmente exteriores y di\u00e1fanas, divisibles en m\u00f3dulos. Adem\u00e1s, est\u00e1 compuesto por <strong>11.708 metros cuadrados<\/strong> y, una vez cerradas las \u00faltimas negociaciones en curso, rozar\u00e1 la plena ocupaci\u00f3n.<\/p>\n<p>El tramo de la <strong>Diagonal<\/strong> comprendido entre <strong>Paseo de Gr\u00e0cia y Francesc Maci\u00e0<\/strong> se ha convertido en los \u00faltimos a\u00f1os en \u201c<strong>la milla de oro del hogar<\/strong>\u201d, al aunar, en poco m\u00e1s de un kil\u00f3metro, las principales <strong>firmas de decoraci\u00f3n y mobiliario<\/strong> nacionales e internacionales. Seg\u00fan datos recientes de la consultora inmobiliaria <strong>Cushman &amp; Wakefield<\/strong>, este tramo cuenta con una <strong>disponibilidad de espacios retail casi nula<\/strong> del 2,18%, trat\u00e1ndose de una de las calles con menos <strong>disponibilidad<\/strong> de Barcelona.<\/p>\n<p>&#013;<br \/>\nSource: Bolsamania.com<\/p>\n","protected":false},"excerpt":{"rendered":"<p>El edificio, propiedad de Colonial, ha sido recientemente reformado y contar\u00e1 con m\u00e1s de 2500 metros cuadrados entre los que&#8230;<\/p>\n","protected":false},"author":1,"featured_media":0,"comment_status":"open","ping_status":"closed","sticky":false,"template":"","format":"standard","meta":[],"categories":[104],"tags":[99],"_links":{"self":[{"href":"https:\/\/tuavaluo.com\/avaluo\/wp-json\/wp\/v2\/posts\/57718"}],"collection":[{"href":"https:\/\/tuavaluo.com\/avaluo\/wp-json\/wp\/v2\/posts"}],"about":[{"href":"https:\/\/tuavaluo.com\/avaluo\/wp-json\/wp\/v2\/types\/post"}],"author":[{"embeddable":true,"href":"https:\/\/tuavaluo.com\/avaluo\/wp-json\/wp\/v2\/users\/1"}],"replies":[{"embeddable":true,"href":"https:\/\/tuavaluo.com\/avaluo\/wp-json\/wp\/v2\/comments?post=57718"}],"version-history":[{"count":0,"href":"https:\/\/tuavaluo.com\/avaluo\/wp-json\/wp\/v2\/posts\/57718\/revisions"}],"wp:attachment":[{"href":"https:\/\/tuavaluo.com\/avaluo\/wp-json\/wp\/v2\/media?parent=57718"}],"wp:term":[{"taxonomy":"category","embeddable":true,"href":"https:\/\/tuavaluo.com\/avaluo\/wp-json\/wp\/v2\/categories?post=57718"},{"taxonomy":"post_tag","embeddable":true,"href":"https:\/\/tuavaluo.com\/avaluo\/wp-json\/wp\/v2\/tags?post=57718"}],"curies":[{"name":"wp","href":"https:\/\/api.w.org\/{rel}","templated":true}]}}