{"id":58485,"date":"2023-03-14T14:06:43","date_gmt":"2023-03-14T14:06:43","guid":{"rendered":"https:\/\/tuavaluo.com\/avaluo\/2023\/03\/14\/meta-facebook-despedira-a-10-000-trabajadores-y-cerrara-5-000-vacantes\/"},"modified":"2023-03-14T14:06:43","modified_gmt":"2023-03-14T14:06:43","slug":"meta-facebook-despedira-a-10-000-trabajadores-y-cerrara-5-000-vacantes","status":"publish","type":"post","link":"https:\/\/tuavaluo.com\/avaluo\/2023\/03\/14\/meta-facebook-despedira-a-10-000-trabajadores-y-cerrara-5-000-vacantes\/","title":{"rendered":"Meta (Facebook) despedir\u00e1 a 10.000 trabajadores y cerrar\u00e1 5.000 vacantes"},"content":{"rendered":"<p>\u201cEsto ser\u00e1 duro y no hay forma de evitarlo\u201d, ha escrito Zuckerberg en una misiva dirigida a los empleados titulada \u201cActualizaci\u00f3n en el A\u00f1o de la Eficiencia de Meta\u201d. Seg\u00fan el CEO de Meta, tras la reestructuraci\u00f3n, tienen previsto levantar la congelaci\u00f3n de contrataciones y traslados en el grupo.<\/p>\n<p>Zuckerberg ha se\u00f1alado que <strong>la \u201ceficiencia\u201d a la que ha hecho menci\u00f3n en repetidas ocasiones \u201cconsistir\u00e1 en suprimir puestos de trabajo<\/strong>, lo que servir\u00e1 tanto para construir una empresa m\u00e1s \u00e1gil y t\u00e9cnica como para mejorar nuestros resultados empresariales y hacer posible nuestra visi\u00f3n a largo plazo\u201d. \u201cDesde que redujimos nuestra plantilla el a\u00f1o pasado, un resultado sorprendente es que muchas cosas han ido m\u00e1s deprisa. En retrospectiva, subestim\u00e9 los costes indirectos de los proyectos menos prioritarios\u201d, ha a\u00f1adido.<\/p>\n<div class=\"read-more-links\">\n<h5>Noticia relacionada<\/h5>\n<p><a class=\"readMore\" href=\"https:\/\/www.bolsamania.com\/noticias\/criptodivisas\/metaverso-agujero-negro-zuckerberg-meta-pierden-35000-millones-3-anos--12308826.html\" rel=\"noopener noreferrer\" target=\"_blank\" data-id=\"12308826\" rel=\"nofollow\" ><\/p>\n<figure><img class=\"lazy\" title=\"Leer m&#xE1;s\" data-original=\"https:\/\/img4.s3wfg.com\/web\/img\/images_uploaded\/c\/f\/mark-zuckerberg-avatar-horizon.png\" data-src=\"https:\/\/img4.s3wfg.com\/web\/img\/images_uploaded\/c\/f\/mark-zuckerberg-avatar-horizon.png\" \/><\/figure>\n<p>El metaverso, el agujero negro de Zuckerberg y Meta: pierden 35.000 millones en 3 a\u00f1os <\/a><\/div>\n<p><a href=\"https:\/\/www.bolsamania.com\/noticias\/empresas\/meta-facebook-prepara-otra-ronda-miles-despidos-para-mejorar-rentabilidad--12582342.html\" target=\"_blank\"  rel=\"nofollow\" ><strong>Los empleados de Meta se hab\u00edan estado preparando para m\u00e1s despidos en las \u00faltimas semanas.<\/strong><\/a> A principios de este a\u00f1o, Meta inici\u00f3 un proceso de reestructuraci\u00f3n interna conocido como <strong>\u201caplanamiento\u201d<\/strong>, eliminando a algunos mandos intermedios y pidiendo a otros que volvieran a desempe\u00f1ar funciones individuales en lugar de supervisar a otros empleados. <a href=\"https:\/\/www.bolsamania.com\/noticias\/empresas\/meta-sube-bolsa-tras-despidos-masivos-anunciar-cambio-cultural--11321874.html\" target=\"_blank\"  rel=\"nofollow\" ><strong>El pasado noviembre, Meta anunci\u00f3 una importante ronda de despidos que afectar\u00eda al 13% de su plantilla, unos 11.000 empleados.<\/strong><\/a><\/p>\n<p>El fundador de Meta se ha referido en numerosas ocasiones a 2023 como el \u201ca\u00f1o de la eficiencia\u201d de la de la compa\u00f1\u00eda y ha hablado abiertamente de la necesidad de priorizar mejor los proyectos y las inversiones de la firma de Menlo Park.<\/p>\n<p>En este sentido, cabe destacar que la compa\u00f1\u00eda ha apostado fuertemente por la realidad virtual y el metaverso, una l\u00ednea de negocio que no est\u00e1 dando sus frutos. Seg\u00fan los \u00faltimos informes financieros de la compa\u00f1\u00eda, <a href=\"https:\/\/www.bolsamania.com\/noticias\/criptodivisas\/metaverso-agujero-negro-zuckerberg-meta-pierden-35000-millones-3-anos--12308826.html\" target=\"_blank\"  rel=\"nofollow\" ><strong>Meta ha perdido 35.000 millones entre 2019 y 2022 en Reality Labs<\/strong><\/a>, la divisi\u00f3n de Meta encargada de desarrollar el metaverso.<\/p>\n<p>Pese a ello, <a href=\"https:\/\/www.bolsamania.com\/noticias\/criptodivisas\/meta-zuckerberg-redoblaran-inversion-metaverso-perdidas--12181172.html\" target=\"_blank\"  rel=\"nofollow\" ><strong>Meta no tiene pensado cambiar el rumbo<\/strong><\/a>. <strong>\u201cNinguna de las se\u00f1ales que he visto hasta ahora sugieren que debamos cambiar la estrategia de Reality Labs a largo plazo\u201d<\/strong>, asegur\u00f3 Zuckerberg durante la presentaci\u00f3n de los <a href=\"https:\/\/www.bolsamania.com\/noticias\/resultados-anuncios\/meta-facebook-dispara-bolsa-tras-superar-previsiones-resultados--12171480.html\" target=\"_blank\"  rel=\"nofollow\" ><strong>resultados del tercer trimestre fiscal<\/strong><\/a> de la firma californiana. Por su parte, la nueva directora financiera de Meta, <strong>Susan Li,<\/strong> recalc\u00f3 que<strong> las p\u00e9rdidas de Reality Labs posiblemente aumentar\u00e1n en 2023<\/strong>, al tiempo que indic\u00f3 que la compa\u00f1\u00eda seguir\u00e1 invirtiendo \u201csignificativamente\u201d en esta \u00e1rea \u201cdadas las importantes oportunidades a largo plazo que vemos\u201d.<\/p>\n<p>Cabe se\u00f1alar que <strong>buena parte del gasto en Reality Labs ha sido en salarios,<\/strong> seg\u00fan han se\u00f1alado distintos directivos de Meta y las propias cuentas de la compa\u00f1\u00eda. La empresa afirm\u00f3 que <strong>en abril de 2022 hab\u00eda m\u00e1s de 10.000 personas trabajando en proyectos relacionados con el metaverso<\/strong>.<\/p>\n<p>Las filas de empleados de Meta aumentaron dr\u00e1sticamente durante la pandemia de Covid-19 a medida que crec\u00eda la demanda de los servicios digitales de la empresa. <strong>La plantilla del gigante de las redes sociales creci\u00f3 un 30% en 2020, el primer a\u00f1o de la pandemia, y un 23% en 2021.<\/strong> Cuando Meta empez\u00f3 a eliminar puestos de trabajo el pasado noviembre, la empresa ten\u00eda m\u00e1s de 87.000 empleados.<\/p>\n<p>Al agujero negro que est\u00e1 siendo el metaverso para Meta, hay que sumar que su principal fuente de ingresos, <strong>la venta de publicidad digital<\/strong>, no pasa por sus mejores momentos. Tanto es as\u00ed que el pasado julio la compa\u00f1\u00eda anunci\u00f3 que <a href=\"https:\/\/www.bolsamania.com\/noticias\/resultados-anuncios\/meta-cae-mas-esperado-6687--10245232.html\" target=\"_blank\"  rel=\"nofollow\" ><strong>por primera vez cerraba un trimestre con menores ingresos publicitarios que un a\u00f1o atr\u00e1s<\/strong><\/a>. Asimismo, el gigante de las redes sociales dijo que las ventas anuales cayeron un 1% hasta 116.600 millones de d\u00f3lares en 2022.<\/p>\n<p>&#013;<br \/>\nSource: Bolsamania.com<\/p>\n","protected":false},"excerpt":{"rendered":"<p>\u201cEsto ser\u00e1 duro y no hay forma de evitarlo\u201d, ha escrito Zuckerberg en una misiva dirigida a los empleados titulada&#8230;<\/p>\n","protected":false},"author":1,"featured_media":58486,"comment_status":"open","ping_status":"closed","sticky":false,"template":"","format":"standard","meta":[],"categories":[104],"tags":[99],"_links":{"self":[{"href":"https:\/\/tuavaluo.com\/avaluo\/wp-json\/wp\/v2\/posts\/58485"}],"collection":[{"href":"https:\/\/tuavaluo.com\/avaluo\/wp-json\/wp\/v2\/posts"}],"about":[{"href":"https:\/\/tuavaluo.com\/avaluo\/wp-json\/wp\/v2\/types\/post"}],"author":[{"embeddable":true,"href":"https:\/\/tuavaluo.com\/avaluo\/wp-json\/wp\/v2\/users\/1"}],"replies":[{"embeddable":true,"href":"https:\/\/tuavaluo.com\/avaluo\/wp-json\/wp\/v2\/comments?post=58485"}],"version-history":[{"count":0,"href":"https:\/\/tuavaluo.com\/avaluo\/wp-json\/wp\/v2\/posts\/58485\/revisions"}],"wp:featuredmedia":[{"embeddable":true,"href":"https:\/\/tuavaluo.com\/avaluo\/wp-json\/wp\/v2\/media\/58486"}],"wp:attachment":[{"href":"https:\/\/tuavaluo.com\/avaluo\/wp-json\/wp\/v2\/media?parent=58485"}],"wp:term":[{"taxonomy":"category","embeddable":true,"href":"https:\/\/tuavaluo.com\/avaluo\/wp-json\/wp\/v2\/categories?post=58485"},{"taxonomy":"post_tag","embeddable":true,"href":"https:\/\/tuavaluo.com\/avaluo\/wp-json\/wp\/v2\/tags?post=58485"}],"curies":[{"name":"wp","href":"https:\/\/api.w.org\/{rel}","templated":true}]}}