{"id":58875,"date":"2023-03-22T15:45:42","date_gmt":"2023-03-22T15:45:42","guid":{"rendered":"https:\/\/tuavaluo.com\/avaluo\/2023\/03\/22\/acciona-energia-comienza-la-construccion-de-una-planta-de-biomasa-en-extremadura\/"},"modified":"2023-03-22T15:45:42","modified_gmt":"2023-03-22T15:45:42","slug":"acciona-energia-comienza-la-construccion-de-una-planta-de-biomasa-en-extremadura","status":"publish","type":"post","link":"https:\/\/tuavaluo.com\/avaluo\/2023\/03\/22\/acciona-energia-comienza-la-construccion-de-una-planta-de-biomasa-en-extremadura\/","title":{"rendered":"Acciona Energ\u00eda comienza la construcci\u00f3n de una planta de biomasa en Extremadura"},"content":{"rendered":"<p>El arranque de la producci\u00f3n est\u00e1 previsto para la<strong> segunda mitad de 2025<\/strong> y, seg\u00fan los c\u00e1lculos de la compa\u00f1\u00eda, alcanzar\u00e1 los 376GWh\/a\u00f1o, <strong>evitando la emisi\u00f3n de m\u00e1s de 165.000 toneladas anuales de CO2 a la atm\u00f3sfera<\/strong>.<\/p>\n<p>El consumo anual de la planta est\u00e1 estimado en <strong>261.000 toneladas m\u00e9tricas al a\u00f1o de biomasa de origen agr\u00edcola y forestal<\/strong> procedente principalmente del entorno. Adem\u00e1s, el centro de biomasa generar\u00e1 casi<strong> 1.400 empleos directos, indirectos e inducidos<\/strong> a lo largo de su ciclo de vida \u00fatil.<\/p>\n<p>Acciona Energ\u00eda fue adjudicataria de la construcci\u00f3n, operaci\u00f3n y mantenimiento de esta planta de biomasa en la<strong> tercera subasta para el otorgamiento del r\u00e9gimen econ\u00f3mico de energ\u00edas renovables<\/strong> convocada por el Ministerio para la Transici\u00f3n Ecol\u00f3gica y el reto Demogr\u00e1fico, lo que <strong>garantiza un precio de venta de la electricidad que la planta produzca durante 20 a\u00f1os<\/strong>.<\/p>\n<p>El proyecto cuenta con<strong> planes de acompa\u00f1amiento para supervisar la preservaci\u00f3n y regeneraci\u00f3n de la flora y fauna de la zona<\/strong>, as\u00ed como con un programa de gesti\u00f3n del impacto social en el entorno de la planta. Entre las acciones que se llevar\u00e1n a cabo se encuentra un programa de formaci\u00f3n para fomentar la contrataci\u00f3n de personal local, el asesoramiento y cualificaci\u00f3n al sector agroganadero de la zona y un proyecto de emprendimiento orientado al abastecimiento de material para la planta.<\/p>\n<p>Seg\u00fan la empresa, esta planta \u00ab<strong>dinamizar\u00e1 la econom\u00eda de regi\u00f3n<\/strong>, al tiempo que contribuye a la prevenci\u00f3n de incendios al incentivar la limpieza y desbroce de los montes y la dehesa\u00bb.<\/p>\n<p>&#013;<br \/>\nSource: Bolsamania.com<\/p>\n","protected":false},"excerpt":{"rendered":"<p>El arranque de la producci\u00f3n est\u00e1 previsto para la segunda mitad de 2025 y, seg\u00fan los c\u00e1lculos de la compa\u00f1\u00eda,&#8230;<\/p>\n","protected":false},"author":1,"featured_media":0,"comment_status":"open","ping_status":"closed","sticky":false,"template":"","format":"standard","meta":[],"categories":[104],"tags":[99],"_links":{"self":[{"href":"https:\/\/tuavaluo.com\/avaluo\/wp-json\/wp\/v2\/posts\/58875"}],"collection":[{"href":"https:\/\/tuavaluo.com\/avaluo\/wp-json\/wp\/v2\/posts"}],"about":[{"href":"https:\/\/tuavaluo.com\/avaluo\/wp-json\/wp\/v2\/types\/post"}],"author":[{"embeddable":true,"href":"https:\/\/tuavaluo.com\/avaluo\/wp-json\/wp\/v2\/users\/1"}],"replies":[{"embeddable":true,"href":"https:\/\/tuavaluo.com\/avaluo\/wp-json\/wp\/v2\/comments?post=58875"}],"version-history":[{"count":0,"href":"https:\/\/tuavaluo.com\/avaluo\/wp-json\/wp\/v2\/posts\/58875\/revisions"}],"wp:attachment":[{"href":"https:\/\/tuavaluo.com\/avaluo\/wp-json\/wp\/v2\/media?parent=58875"}],"wp:term":[{"taxonomy":"category","embeddable":true,"href":"https:\/\/tuavaluo.com\/avaluo\/wp-json\/wp\/v2\/categories?post=58875"},{"taxonomy":"post_tag","embeddable":true,"href":"https:\/\/tuavaluo.com\/avaluo\/wp-json\/wp\/v2\/tags?post=58875"}],"curies":[{"name":"wp","href":"https:\/\/api.w.org\/{rel}","templated":true}]}}