{"id":59186,"date":"2023-03-29T10:07:02","date_gmt":"2023-03-29T10:07:02","guid":{"rendered":"https:\/\/tuavaluo.com\/avaluo\/2023\/03\/29\/vidrala-creara-una-planta-de-autoconsumo-en-sus-instalaciones-en-barcelona\/"},"modified":"2023-03-29T10:07:02","modified_gmt":"2023-03-29T10:07:02","slug":"vidrala-creara-una-planta-de-autoconsumo-en-sus-instalaciones-en-barcelona","status":"publish","type":"post","link":"https:\/\/tuavaluo.com\/avaluo\/2023\/03\/29\/vidrala-creara-una-planta-de-autoconsumo-en-sus-instalaciones-en-barcelona\/","title":{"rendered":"Vidrala crear\u00e1 una planta de autoconsumo en sus instalaciones en Barcelona"},"content":{"rendered":"<p>Este proyecto implica la instalaci\u00f3n de <strong>m\u00f3dulos fotovoltaicos<\/strong> hasta una potencia de <strong>6 MWp<\/strong>. Los paneles se colocar\u00e1n sobre las cubiertas de la planta de <strong>Castellar<\/strong> y el fin de la instalaci\u00f3n est\u00e1 prevista para el <strong>mes de junio.<\/strong><\/p>\n<p>La instalaci\u00f3n se enmarca dentro del plan de <strong>descarbonizaci\u00f3n<\/strong> <strong>y<\/strong> <strong>eficiencia energ\u00e9tica<\/strong> de la compa\u00f1\u00eda que plantea reducir la dependencia de energ\u00eda f\u00f3sil, impulsar el autoconsumo y mejorar la eficiencia energ\u00e9tica a nivel global con el estudio e instalaci\u00f3n de alternativas renovables, y que ha llevado a <strong>Vidrala<\/strong> a firmar un acuerdo a finales de 2022 con <strong>Norvento Enerx\u00eda.<\/strong><\/p>\n<p>Adem\u00e1s, la empresa ha recordado su estrategia de sostenibilidad <strong>Glass Made Good<\/strong>, \u00abla cual se centra en las &#8216;4Ps&#8217;, que hacen referencia a las personas, el planeta, la poblaci\u00f3n y prosperidad en su conjunto\u00bb.<\/p>\n<p>Este proyecto de autoconsumo que <strong>Vidrala<\/strong> impulsa de la mano de <strong>Norvento Enerx\u00eda<\/strong> se suma al que en 2022 la compa\u00f1\u00eda implement\u00f3 en la <strong>planta de Crisnova<\/strong>, situada en Caudete, donde la instalaci\u00f3n de <strong>12 MW<\/strong> permitir\u00e1 a la compa\u00f1\u00eda disminuir la emisi\u00f3n de cerca de <strong>12.000 toneladas anuales de CO2 a la atm\u00f3sfera.<\/strong><\/p>\n<p>&#013;<br \/>\nSource: Bolsamania.com<\/p>\n","protected":false},"excerpt":{"rendered":"<p>Este proyecto implica la instalaci\u00f3n de m\u00f3dulos fotovoltaicos hasta una potencia de 6 MWp. Los paneles se colocar\u00e1n sobre las&#8230;<\/p>\n","protected":false},"author":1,"featured_media":0,"comment_status":"open","ping_status":"closed","sticky":false,"template":"","format":"standard","meta":[],"categories":[104],"tags":[99],"_links":{"self":[{"href":"https:\/\/tuavaluo.com\/avaluo\/wp-json\/wp\/v2\/posts\/59186"}],"collection":[{"href":"https:\/\/tuavaluo.com\/avaluo\/wp-json\/wp\/v2\/posts"}],"about":[{"href":"https:\/\/tuavaluo.com\/avaluo\/wp-json\/wp\/v2\/types\/post"}],"author":[{"embeddable":true,"href":"https:\/\/tuavaluo.com\/avaluo\/wp-json\/wp\/v2\/users\/1"}],"replies":[{"embeddable":true,"href":"https:\/\/tuavaluo.com\/avaluo\/wp-json\/wp\/v2\/comments?post=59186"}],"version-history":[{"count":0,"href":"https:\/\/tuavaluo.com\/avaluo\/wp-json\/wp\/v2\/posts\/59186\/revisions"}],"wp:attachment":[{"href":"https:\/\/tuavaluo.com\/avaluo\/wp-json\/wp\/v2\/media?parent=59186"}],"wp:term":[{"taxonomy":"category","embeddable":true,"href":"https:\/\/tuavaluo.com\/avaluo\/wp-json\/wp\/v2\/categories?post=59186"},{"taxonomy":"post_tag","embeddable":true,"href":"https:\/\/tuavaluo.com\/avaluo\/wp-json\/wp\/v2\/tags?post=59186"}],"curies":[{"name":"wp","href":"https:\/\/api.w.org\/{rel}","templated":true}]}}