{"id":59876,"date":"2023-04-14T13:25:53","date_gmt":"2023-04-14T13:25:53","guid":{"rendered":"https:\/\/tuavaluo.com\/avaluo\/2023\/04\/14\/las-ventas-minoristas-en-eeuu-caen-un-1-en-marzo-mas-de-lo-esperado\/"},"modified":"2023-04-14T13:25:53","modified_gmt":"2023-04-14T13:25:53","slug":"las-ventas-minoristas-en-eeuu-caen-un-1-en-marzo-mas-de-lo-esperado","status":"publish","type":"post","link":"https:\/\/tuavaluo.com\/avaluo\/2023\/04\/14\/las-ventas-minoristas-en-eeuu-caen-un-1-en-marzo-mas-de-lo-esperado\/","title":{"rendered":"Las ventas minoristas en EEUU caen un 1% en marzo, m\u00e1s de lo esperado"},"content":{"rendered":"<p>En <strong>t\u00e9rminos interanuales, las ventas minoristas crecieron un 2,9% en relaci\u00f3n al nivel de marzo de 2022<\/strong>, mientras que la ganancia del primer trimestre del presente curso ha sido del 5,4%, en comparaci\u00f3n con el mismo periodo del a\u00f1o pasado.<\/p>\n<p>Las <strong>ventas del comercio minorista cayeron un 1,2% desde febrero de 2023<\/strong>, pero aumentaron un 1,5% en los \u00faltimos 12 meses. Los minoristas que no son tiendas aumentaron un 12,3% desde el a\u00f1o pasado, mientras que los establecimientos de alimentos y bebidas vendieron un 13% m\u00e1s desde marzo de 2022.<\/p>\n<p>Las ventas minoristas excluyendo los autom\u00f3viles han ca\u00eddo en marzo un 0,8%, mientras que <strong>las ventas del grupo de control, que inciden directamente en el c\u00e1lculo del PIB, han descendido un 0,3%<\/strong>, frente al aumento del 0,6% que esperaba el consenso.<\/p>\n<p>Desde <strong>Oxford Economics<\/strong> subrayan que \u00ab<strong>los consumidores terminaron el primer trimestre con una melod\u00eda muy diferente a la del comienzo del trimestre<\/strong>, con ca\u00eddas generalizadas en las ventas minoristas en marzo\u00bb.<\/p>\n<p>\u00abEl informe de ventas minoristas de marzo sigue una serie de datos recientes que apuntan a un<strong> enfriamiento suave de la din\u00e1mica de crecimiento.<\/strong> La demanda y la oferta se est\u00e1n moviendo hacia un equilibrio m\u00e1s saludable, pero los funcionarios de la Fed querr\u00e1n ver m\u00e1s evidencia de que el crecimiento del PIB est\u00e1 en una trayectoria m\u00e1s fr\u00eda y la inflaci\u00f3n est\u00e1 en un camino claro hacia el 2%. Como resultado, <strong>esperamos otra subida de tipos de 25 pb en mayo<\/strong>\u00ab, aseguran.<\/p>\n<p><strong>Ryan Brandham<\/strong>, jefe de mercados de capitales globales de Am\u00e9rica del Norte en Validus Risk Management, destaca que \u00abexcluyendo autos, gasolina y el grupo de control,<strong> los n\u00fameros fueron m\u00e1s fuertes de lo esperado,<\/strong> lo que puede empa\u00f1ar la reacci\u00f3n del mercado y el posicionamiento potencial de los participantes del mercado para el fin de semana\u201d.<\/p>\n<p>Este viernes se han publicado tambi\u00e9n los <strong>precios de importaci\u00f3n y de exportaci\u00f3n<\/strong>. En el caso de los primeros, se han anotado un descenso mensual del 0,6% (en consenso anticipaba una ca\u00edda del 0,1%), que deja la tasa anual en el -4,6%. En lo que respecta a los precios al exterior, el descenso en marzo ha sido del 0,1%, y en los \u00faltimos doce meses la ca\u00edda es del 4,8%.<\/p>\n<p>Los analistas de Oxford Economics destacan que \u00ablos precios de importaci\u00f3n m\u00e1s bajos <strong>respaldar\u00e1n una inflaci\u00f3n de bienes m\u00e1s d\u00e9bil en los pr\u00f3ximos meses<\/strong>. Un d\u00f3lar potencialmente m\u00e1s fuerte y los recortes en la producci\u00f3n por parte de la OPEP+ podr\u00edan compensar parte de la debilidad, pero no detendr\u00e1n el ciclo desinflacionario de los precios de importaci\u00f3n. Los precios de importaci\u00f3n ahora han ca\u00eddo en ocho de los \u00faltimos nueve meses\u00bb.<\/p>\n<p>\u00abTodav\u00eda <strong>esperamos que la Reserva Federal aumente las tasas en mayo<\/strong>, pero el informe de precios de importaci\u00f3n marca otro dato alentador despu\u00e9s del informe del IPC y el PPI de esta semana\u00bb, agregan.<\/p>\n<p>&#013;<br \/>\nSource: Bolsamania.com<\/p>\n","protected":false},"excerpt":{"rendered":"<p>En t\u00e9rminos interanuales, las ventas minoristas crecieron un 2,9% en relaci\u00f3n al nivel de marzo de 2022, mientras que la&#8230;<\/p>\n","protected":false},"author":1,"featured_media":0,"comment_status":"open","ping_status":"closed","sticky":false,"template":"","format":"standard","meta":[],"categories":[104],"tags":[99],"_links":{"self":[{"href":"https:\/\/tuavaluo.com\/avaluo\/wp-json\/wp\/v2\/posts\/59876"}],"collection":[{"href":"https:\/\/tuavaluo.com\/avaluo\/wp-json\/wp\/v2\/posts"}],"about":[{"href":"https:\/\/tuavaluo.com\/avaluo\/wp-json\/wp\/v2\/types\/post"}],"author":[{"embeddable":true,"href":"https:\/\/tuavaluo.com\/avaluo\/wp-json\/wp\/v2\/users\/1"}],"replies":[{"embeddable":true,"href":"https:\/\/tuavaluo.com\/avaluo\/wp-json\/wp\/v2\/comments?post=59876"}],"version-history":[{"count":0,"href":"https:\/\/tuavaluo.com\/avaluo\/wp-json\/wp\/v2\/posts\/59876\/revisions"}],"wp:attachment":[{"href":"https:\/\/tuavaluo.com\/avaluo\/wp-json\/wp\/v2\/media?parent=59876"}],"wp:term":[{"taxonomy":"category","embeddable":true,"href":"https:\/\/tuavaluo.com\/avaluo\/wp-json\/wp\/v2\/categories?post=59876"},{"taxonomy":"post_tag","embeddable":true,"href":"https:\/\/tuavaluo.com\/avaluo\/wp-json\/wp\/v2\/tags?post=59876"}],"curies":[{"name":"wp","href":"https:\/\/api.w.org\/{rel}","templated":true}]}}