{"id":60077,"date":"2023-04-19T08:18:39","date_gmt":"2023-04-19T08:18:39","guid":{"rendered":"https:\/\/tuavaluo.com\/avaluo\/2023\/04\/19\/sanchez-anuncia-otras-43-000-viviendas-de-alquiler-asequible-financiadas-con-4-000-millones\/"},"modified":"2023-04-19T08:18:39","modified_gmt":"2023-04-19T08:18:39","slug":"sanchez-anuncia-otras-43-000-viviendas-de-alquiler-asequible-financiadas-con-4-000-millones","status":"publish","type":"post","link":"https:\/\/tuavaluo.com\/avaluo\/2023\/04\/19\/sanchez-anuncia-otras-43-000-viviendas-de-alquiler-asequible-financiadas-con-4-000-millones\/","title":{"rendered":"S\u00e1nchez anuncia otras 43.000 viviendas de alquiler asequible financiadas con 4.000 millones"},"content":{"rendered":"<p>En total ser\u00e1n <strong>93.000 viviendas sociales<\/strong>, tanto de nueva construcci\u00f3n como de rehabilitaci\u00f3n, financiadas creando una nueva l\u00ednea del ICO con los fondos europeos NGEU.<\/p>\n<p>Adem\u00e1s, todas las actuaciones financiadas deber\u00e1n <strong>cumplir dos condiciones<\/strong>: eficiencia energ\u00e9tica y destino de la actuaci\u00f3n a alquiler social o a precio asequible, o cesi\u00f3n en uso durante al menos 50 a\u00f1os.<\/p>\n<p>\u00abSeguimos construyendo el quinto pilar del Estado del Bienestar\u00bb, ha expresado S\u00e1nchez durante su intervenci\u00f3n este mi\u00e9rcoles en el Congreso de los Diputados, a\u00f1adiendo que el Gobierno est\u00e1 haciendo \u00ab<a href=\"https:\/\/www.bolsamania.com\/noticias\/economia\/gobierno-coalicion-pacta-erc-bildu-desbloquear-ley-vivienda--13009212.html\" rel=\"noopener noreferrer\" target=\"_blank\" rel=\"nofollow\" >del acceso a la vivienda un derecho, no una mercanc\u00eda<\/a> cada vez m\u00e1s exclusiva en manos de unos pocos\u00bb.<\/p>\n<p>El presidente del Ejecutivo ha destacado que<strong> \u00abla vivienda hoy es un problema y no es un derecho como se consagra en la Constituci\u00f3n Espa\u00f1ola\u00bb<\/strong>. Por ello, \u00abtenemos que superar el sonrojante 3% de vivienda p\u00fablica\u00bb, \u00abuno de los porcentajes m\u00e1s bajos, rid\u00edculos y bochornosos de parque p\u00fablico de vivienda\u00bb, ha afirmado.<\/p>\n<p>Precisamente, este martes, el Consejo de Ministros daba el visto bueno a poner a disposici\u00f3n<strong> hasta 50.000 viviendas para alquiler social y asequible de la Sareb<\/strong>. En concreto, la estrategia se articula en tres ejes o l\u00edneas de gesti\u00f3n. El primero incluye 21.000 viviendas identificadas para uso social a trav\u00e9s acuerdos de venta a las CCAA o municipios para alquiler social y asequible.<\/p>\n<p>La segunda tiene que ver con la gesti\u00f3n de las 14.000 viviendas ya habitadas, donde se desarrolla una estrategia de alquiler social y de acompa\u00f1amiento en la inclusi\u00f3n de las familias vulnerables. Por \u00faltimo, en el tercer eje se pondr\u00e1 en marcha un proyecto de cesi\u00f3n de suelo urbanizable para la construcci\u00f3n de unas 15.000 viviendas adicionales destinadas al alquiler asequible, que se desarrollar\u00e1 a trav\u00e9s de la colaboraci\u00f3n p\u00fablico-privada. Adem\u00e1s, Sareb ofrecer\u00e1 a las administraciones p\u00fablicas la venta de suelos destinados a otros objetivos sociales como la construcci\u00f3n de hospitales, escuelas u otros espacios p\u00fablicos.<\/p>\n<p>&#013;<br \/>\nSource: Bolsamania.com<\/p>\n","protected":false},"excerpt":{"rendered":"<p>En total ser\u00e1n 93.000 viviendas sociales, tanto de nueva construcci\u00f3n como de rehabilitaci\u00f3n, financiadas creando una nueva l\u00ednea del ICO&#8230;<\/p>\n","protected":false},"author":1,"featured_media":0,"comment_status":"open","ping_status":"closed","sticky":false,"template":"","format":"standard","meta":[],"categories":[104],"tags":[99],"_links":{"self":[{"href":"https:\/\/tuavaluo.com\/avaluo\/wp-json\/wp\/v2\/posts\/60077"}],"collection":[{"href":"https:\/\/tuavaluo.com\/avaluo\/wp-json\/wp\/v2\/posts"}],"about":[{"href":"https:\/\/tuavaluo.com\/avaluo\/wp-json\/wp\/v2\/types\/post"}],"author":[{"embeddable":true,"href":"https:\/\/tuavaluo.com\/avaluo\/wp-json\/wp\/v2\/users\/1"}],"replies":[{"embeddable":true,"href":"https:\/\/tuavaluo.com\/avaluo\/wp-json\/wp\/v2\/comments?post=60077"}],"version-history":[{"count":0,"href":"https:\/\/tuavaluo.com\/avaluo\/wp-json\/wp\/v2\/posts\/60077\/revisions"}],"wp:attachment":[{"href":"https:\/\/tuavaluo.com\/avaluo\/wp-json\/wp\/v2\/media?parent=60077"}],"wp:term":[{"taxonomy":"category","embeddable":true,"href":"https:\/\/tuavaluo.com\/avaluo\/wp-json\/wp\/v2\/categories?post=60077"},{"taxonomy":"post_tag","embeddable":true,"href":"https:\/\/tuavaluo.com\/avaluo\/wp-json\/wp\/v2\/tags?post=60077"}],"curies":[{"name":"wp","href":"https:\/\/api.w.org\/{rel}","templated":true}]}}