{"id":60212,"date":"2023-04-21T07:27:08","date_gmt":"2023-04-21T07:27:08","guid":{"rendered":"https:\/\/tuavaluo.com\/avaluo\/2023\/04\/21\/las-ventas-minoristas-de-reino-unido-caen-un-09-en-marzo-mas-de-lo-previsto\/"},"modified":"2023-04-21T07:27:08","modified_gmt":"2023-04-21T07:27:08","slug":"las-ventas-minoristas-de-reino-unido-caen-un-09-en-marzo-mas-de-lo-previsto","status":"publish","type":"post","link":"https:\/\/tuavaluo.com\/avaluo\/2023\/04\/21\/las-ventas-minoristas-de-reino-unido-caen-un-09-en-marzo-mas-de-lo-previsto\/","title":{"rendered":"Las ventas minoristas de Reino Unido caen un 0,9% en marzo, m\u00e1s de lo previsto"},"content":{"rendered":"<p>\u00abEl comercio minorista cay\u00f3 dr\u00e1sticamente en marzo debido a que <strong>el mal tiempo afect\u00f3 las ventas en casi todos los sectores<\/strong>\u00ab, ha declarado el director de estad\u00edsticas econ\u00f3micas de ONS, Darren Morgan.<\/p>\n<p>Por sectores, las ventas de productos no alimentarios cayeron un 1,3%, mientras que las de ropa registraron un descenso del 3,2%. Por su parte, las ventas de alimentos se redujeron un 0,7%.<\/p>\n<p>\u00abEn el \u00faltimo mes, los grandes almacenes, las tiendas de ropa y los centros de jardiner\u00eda experimentaron fuertes ca\u00eddas debido a que las lluvias significativas empa\u00f1aron el entusiasmo por las compras. Las ventas en las tiendas de alimentos tambi\u00e9n cayeron. Los comentarios de los minoristas sugieren que <strong>el aumento del coste de vida y el de los precios de los alimentos contin\u00faan afectando el gasto de los consumidores<\/strong>\u00ab, ha explicado Morgan.<\/p>\n<p>Hay que recordar que, seg\u00fan el \u00faltimo dato adelantado,<a href=\"https:\/\/www.bolsamania.com\/noticias\/economia\/inflacion-reino-unido-cae-101-marzo-supera-lo-esperado--13054624.html\" rel=\"noopener noreferrer\" target=\"_blank\" rel=\"nofollow\" > la inflaci\u00f3n de Reino Unido se coloc\u00f3 en marzo en el 10,1%<\/a>.<\/p>\n<p>En el acumulado de los tres primeros meses del a\u00f1o, los vol\u00famenes de ventas minoristas aumentaron un 0,6%, lo que supone el primer crecimiento trimestral desde agosto de 2021.<\/p>\n<p>Los analistas de Pantheon Macroeconomics destacan que \u00abla nueva ca\u00edda en las ventas minoristas en marzo demuestra que <strong>la recuperaci\u00f3n en enero y febrero fue un falso amanecer<\/strong> y sugiere que los consumidores todav\u00eda est\u00e1n lidiando con una inflaci\u00f3n del IPC y tasas hipotecarias muy altas\u00bb. Esperan que las ventas minoristas <strong>se recuperen \u00absolo gradualmente\u00bb<\/strong> durante los pr\u00f3ximos meses.<\/p>\n<p>&#013;<br \/>\nSource: Bolsamania.com<\/p>\n","protected":false},"excerpt":{"rendered":"<p>\u00abEl comercio minorista cay\u00f3 dr\u00e1sticamente en marzo debido a que el mal tiempo afect\u00f3 las ventas en casi todos los&#8230;<\/p>\n","protected":false},"author":1,"featured_media":0,"comment_status":"open","ping_status":"closed","sticky":false,"template":"","format":"standard","meta":[],"categories":[104],"tags":[99],"_links":{"self":[{"href":"https:\/\/tuavaluo.com\/avaluo\/wp-json\/wp\/v2\/posts\/60212"}],"collection":[{"href":"https:\/\/tuavaluo.com\/avaluo\/wp-json\/wp\/v2\/posts"}],"about":[{"href":"https:\/\/tuavaluo.com\/avaluo\/wp-json\/wp\/v2\/types\/post"}],"author":[{"embeddable":true,"href":"https:\/\/tuavaluo.com\/avaluo\/wp-json\/wp\/v2\/users\/1"}],"replies":[{"embeddable":true,"href":"https:\/\/tuavaluo.com\/avaluo\/wp-json\/wp\/v2\/comments?post=60212"}],"version-history":[{"count":0,"href":"https:\/\/tuavaluo.com\/avaluo\/wp-json\/wp\/v2\/posts\/60212\/revisions"}],"wp:attachment":[{"href":"https:\/\/tuavaluo.com\/avaluo\/wp-json\/wp\/v2\/media?parent=60212"}],"wp:term":[{"taxonomy":"category","embeddable":true,"href":"https:\/\/tuavaluo.com\/avaluo\/wp-json\/wp\/v2\/categories?post=60212"},{"taxonomy":"post_tag","embeddable":true,"href":"https:\/\/tuavaluo.com\/avaluo\/wp-json\/wp\/v2\/tags?post=60212"}],"curies":[{"name":"wp","href":"https:\/\/api.w.org\/{rel}","templated":true}]}}