{"id":60231,"date":"2023-04-21T10:41:48","date_gmt":"2023-04-21T10:41:48","guid":{"rendered":"https:\/\/tuavaluo.com\/avaluo\/2023\/04\/21\/dimite-el-ministro-de-justicia-de-reino-unido-dominic-raab-acusado-de-acoso-laboral\/"},"modified":"2023-04-21T10:41:48","modified_gmt":"2023-04-21T10:41:48","slug":"dimite-el-ministro-de-justicia-de-reino-unido-dominic-raab-acusado-de-acoso-laboral","status":"publish","type":"post","link":"https:\/\/tuavaluo.com\/avaluo\/2023\/04\/21\/dimite-el-ministro-de-justicia-de-reino-unido-dominic-raab-acusado-de-acoso-laboral\/","title":{"rendered":"Dimite el ministro de Justicia de Reino Unido, Dominic Raab, acusado de acoso laboral"},"content":{"rendered":"<p>Pese a que rechaza haber cometido cualquier tipo de acoso, explica que <strong>la investigaci\u00f3n \u00abha descartado todas las acusaciones salvo dos\u00bb<\/strong>, que \u00abconten\u00edan errores\u00bb.<\/p>\n<p>Como detalla en su escrito, Raab considera que esta investigaci\u00f3n \u00absienta un precedente peligroso\u00bb, ya que pone \u00abun rasero para el acoso bajo\u00bb, algo que cree que alentar\u00e1 \u00abquejas espurias contra ministros\u00bb.<\/p>\n<p>El primer ministro brit\u00e1nico, <strong>Rishi Sunak<\/strong>, inici\u00f3 una investigaci\u00f3n independiente sobre el comportamiento de Raab en noviembre, despu\u00e9s de que <strong>al menos 24 miembros del personal presentaran ocho quejas<\/strong> formales durante el tiempo de Raab como ministro de Justicia, ministro de Relaciones Exteriores y ministro del Brexit.<\/p>\n<\/p>\n<blockquote class=\"twitter-tweet\">\n<p dir=\"ltr\" lang=\"en\">My resignation statement.\ud83d\udc47 <a href=\"https:\/\/t.co\/DLjBfChlFq\" target=\"_blank\"  rel=\"nofollow\" >pic.twitter.com\/DLjBfChlFq<\/a><\/p>\n<p>\u2014 Dominic Raab (@DominicRaab) <a href=\"https:\/\/twitter.com\/DominicRaab\/status\/1649334236216713219?ref_src=twsrc%5Etfw\" target=\"_blank\"  rel=\"nofollow\" >April 21, 2023<\/a><\/p><\/blockquote>\n<p>&#013;<br \/>\nSource: Bolsamania.com<\/p>\n","protected":false},"excerpt":{"rendered":"<p>Pese a que rechaza haber cometido cualquier tipo de acoso, explica que la investigaci\u00f3n \u00abha descartado todas las acusaciones salvo&#8230;<\/p>\n","protected":false},"author":1,"featured_media":0,"comment_status":"open","ping_status":"closed","sticky":false,"template":"","format":"standard","meta":[],"categories":[104],"tags":[99],"_links":{"self":[{"href":"https:\/\/tuavaluo.com\/avaluo\/wp-json\/wp\/v2\/posts\/60231"}],"collection":[{"href":"https:\/\/tuavaluo.com\/avaluo\/wp-json\/wp\/v2\/posts"}],"about":[{"href":"https:\/\/tuavaluo.com\/avaluo\/wp-json\/wp\/v2\/types\/post"}],"author":[{"embeddable":true,"href":"https:\/\/tuavaluo.com\/avaluo\/wp-json\/wp\/v2\/users\/1"}],"replies":[{"embeddable":true,"href":"https:\/\/tuavaluo.com\/avaluo\/wp-json\/wp\/v2\/comments?post=60231"}],"version-history":[{"count":0,"href":"https:\/\/tuavaluo.com\/avaluo\/wp-json\/wp\/v2\/posts\/60231\/revisions"}],"wp:attachment":[{"href":"https:\/\/tuavaluo.com\/avaluo\/wp-json\/wp\/v2\/media?parent=60231"}],"wp:term":[{"taxonomy":"category","embeddable":true,"href":"https:\/\/tuavaluo.com\/avaluo\/wp-json\/wp\/v2\/categories?post=60231"},{"taxonomy":"post_tag","embeddable":true,"href":"https:\/\/tuavaluo.com\/avaluo\/wp-json\/wp\/v2\/tags?post=60231"}],"curies":[{"name":"wp","href":"https:\/\/api.w.org\/{rel}","templated":true}]}}