{"id":60442,"date":"2023-04-26T11:23:03","date_gmt":"2023-04-26T11:23:03","guid":{"rendered":"https:\/\/tuavaluo.com\/avaluo\/2023\/04\/26\/ibercaja-revisa-al-alza-el-pib-de-espana-al-12-en-2023-y-baja-el-de-2024-al-15\/"},"modified":"2023-04-26T11:23:03","modified_gmt":"2023-04-26T11:23:03","slug":"ibercaja-revisa-al-alza-el-pib-de-espana-al-12-en-2023-y-baja-el-de-2024-al-15","status":"publish","type":"post","link":"https:\/\/tuavaluo.com\/avaluo\/2023\/04\/26\/ibercaja-revisa-al-alza-el-pib-de-espana-al-12-en-2023-y-baja-el-de-2024-al-15\/","title":{"rendered":"Ibercaja revisa al alza el PIB de Espa\u00f1a al 1,2% en 2023 y baja el de 2024 al 1,5%"},"content":{"rendered":"<p>La entidad ha explicado que la revisi\u00f3n al alza se produce como consecuencia de \u00abla menor repercusi\u00f3n de la crisis energ\u00e9tica en Europa, que ha permitido esquivar los escenarios m\u00e1s negativos previstos a finales de 2022\u00bb.<\/p>\n<p>En lo que respecta al menor crecimiento para el a\u00f1o 2024, los expertos de Ibercaja prev\u00e9n que la evoluci\u00f3n del PIB est\u00e9 condicionada por la persistencia de la inflaci\u00f3n y por la subida de los tipos de inter\u00e9s y su consecuente impacto en el conjunto de la econom\u00eda.<\/p>\n<p>Los expertos de la entidad han afirmado que la coyuntura econ\u00f3mica no es tan negativa como se esperaba cuando se vislumbraba una crisis energ\u00e9tica en Europa con graves consecuencias sobre la producci\u00f3n y el empleo.<\/p>\n<p>De esta forma, seg\u00fan afirman, las industrias m\u00e1s expuestas a la subida de los precios energ\u00e9ticos y a un escenario de racionamiento del gas en buena parte de Europa, han resistido mejor de lo previsto. \u00abNo se ha destruido tejido productivo ni empleo y los efectos sobre el conjunto de la econom\u00eda de una crisis energ\u00e9tica de baja intensidad se han dado exclusivamente a trav\u00e9s del canal de los precios, que evitaron una expansi\u00f3n a\u00fan mayor de la econom\u00eda en 2022\u00bb, han se\u00f1alado.<\/p>\n<p>En los primeros meses de 2023, seg\u00fan los analistas de Ibercaja, el fuerte crecimiento de los precios sigue siendo la principal amenaza para la estabilidad econ\u00f3mica mundial, tanto por el propio da\u00f1o que inflige la inflaci\u00f3n como por el endurecimiento monetario que conlleva.<\/p>\n<p>Asimismo, han destacado que las subidas de los tipos de inter\u00e9s, sin precedentes en las \u00faltimas d\u00e9cadas, afectar\u00e1n a las finanzas de familias, empresas y de un endeudado sector p\u00fablico. \u00abAdem\u00e1s, pueden generar \u00abturbulencias\u00bb financieras como las vividas durante el mes de marzo ante la necesidad de apoyo externo a bancos como SVB o Credit Suisse\u00bb.<\/p>\n<p>&#013;<br \/>\nSource: Bolsamania.com<\/p>\n","protected":false},"excerpt":{"rendered":"<p>La entidad ha explicado que la revisi\u00f3n al alza se produce como consecuencia de \u00abla menor repercusi\u00f3n de la crisis&#8230;<\/p>\n","protected":false},"author":1,"featured_media":0,"comment_status":"open","ping_status":"closed","sticky":false,"template":"","format":"standard","meta":[],"categories":[104],"tags":[99],"_links":{"self":[{"href":"https:\/\/tuavaluo.com\/avaluo\/wp-json\/wp\/v2\/posts\/60442"}],"collection":[{"href":"https:\/\/tuavaluo.com\/avaluo\/wp-json\/wp\/v2\/posts"}],"about":[{"href":"https:\/\/tuavaluo.com\/avaluo\/wp-json\/wp\/v2\/types\/post"}],"author":[{"embeddable":true,"href":"https:\/\/tuavaluo.com\/avaluo\/wp-json\/wp\/v2\/users\/1"}],"replies":[{"embeddable":true,"href":"https:\/\/tuavaluo.com\/avaluo\/wp-json\/wp\/v2\/comments?post=60442"}],"version-history":[{"count":0,"href":"https:\/\/tuavaluo.com\/avaluo\/wp-json\/wp\/v2\/posts\/60442\/revisions"}],"wp:attachment":[{"href":"https:\/\/tuavaluo.com\/avaluo\/wp-json\/wp\/v2\/media?parent=60442"}],"wp:term":[{"taxonomy":"category","embeddable":true,"href":"https:\/\/tuavaluo.com\/avaluo\/wp-json\/wp\/v2\/categories?post=60442"},{"taxonomy":"post_tag","embeddable":true,"href":"https:\/\/tuavaluo.com\/avaluo\/wp-json\/wp\/v2\/tags?post=60442"}],"curies":[{"name":"wp","href":"https:\/\/api.w.org\/{rel}","templated":true}]}}