{"id":60793,"date":"2023-05-04T16:25:48","date_gmt":"2023-05-04T16:25:48","guid":{"rendered":"https:\/\/tuavaluo.com\/avaluo\/2023\/05\/04\/iberia-nombra-presidente-y-consejero-delegado-a-fernando-candela\/"},"modified":"2023-05-04T16:25:48","modified_gmt":"2023-05-04T16:25:48","slug":"iberia-nombra-presidente-y-consejero-delegado-a-fernando-candela","status":"publish","type":"post","link":"https:\/\/tuavaluo.com\/avaluo\/2023\/05\/04\/iberia-nombra-presidente-y-consejero-delegado-a-fernando-candela\/","title":{"rendered":"Iberia nombra presidente y consejero delegado a Fernando Candela"},"content":{"rendered":"<p>\u00abLa llegada de Candela en el mes de julio<strong> dar\u00e1 continuidad y estabilidad a la actividad de la compa\u00f1\u00eda<\/strong> y servir\u00e1 para proseguir con su ambicioso desarrollo\u00bb, destaca la aerol\u00ednea.<\/p>\n<p>Candela liderar\u00e1 un equipo de profesionales con el que <strong>seguir\u00e1 trabajando en los planes de transformaci\u00f3n del &#8216;Iberia Next Chapter&#8217;<\/strong>, y desarrollar\u00e1, junto al equipo Iberia, la estrategia definida despu\u00e9s de la pandemia para cada uno de los negocios. Para la aerol\u00ednea, el objetivo es \u00abconsolidarse como el l\u00edder en el &#8216;hub&#8217; de Madrid, algo a lo que contribuir\u00e1 la operaci\u00f3n de Air Europa, que reforzar\u00e1 un posicionamiento diferencial\u00bb.<\/p>\n<p>Para el negocio de Aeropuertos, <strong>la estrategia pasa por mantener la posici\u00f3n de liderazgo del &#8216;Handling&#8217; de Iberia en Espa\u00f1a<\/strong>, mientras que para el negocio de Mantenimiento, el camino consiste en desarrollar un proyecto que le lleve a ser \u00abel centro reparador de referencia en el sur de Europa\u00bb.<\/p>\n<h3><strong>UNA DILATADA TRAYECTORIA<\/strong><\/h3>\n<p>Fernando Candela cuenta con una larga trayectoria en el grupo Iberia. Es <strong>consejero delegado de Level desde 2019 y director de Transformaci\u00f3n de IAG desde 2020<\/strong>. Fue consejero delegado de Iberia Express durante 6 a\u00f1os y, anteriormente, entre otras cosas, director de Planificaci\u00f3n y Control de Gesti\u00f3n de Air Nostrum.<\/p>\n<p>Con casi treinta a\u00f1os de experiencia en el sector a\u00e9reo, <strong>Candela es ingeniero industrial por la Universidad Polit\u00e9cnica de Valencia y ha realizado distintos programas formativos para ejecutivos en centros como el &#8216;Massachusetts Institute of Technology&#8217; (MIT)<\/strong>, el Instituto de Empresa (IE) o el IESE. A lo largo de su vida profesional ha trabajado tambi\u00e9n en compa\u00f1\u00edas como Uralita o Andersen Consulting.<\/p>\n<p>\u201cSon muchos e importantes los retos que nos esperan en los pr\u00f3ximos meses y estoy convencido de que, gracias a la profesionalidad que demuestra cada d\u00eda el equipo de Iberia, <strong>lograremos continuar con el crecimiento y la incesante mejora de la compa\u00f1\u00eda en todos y cada uno de sus negocios<\/strong>. No hay, desde luego, mejor broche para mi carrera profesional que dirigir Iberia, la compa\u00f1\u00eda a\u00e9rea l\u00edder de Espa\u00f1a y una de las empresas m\u00e1s destacadas del pa\u00eds\u201d, asegura Candela.<\/p>\n<p>Entre sus primeros desaf\u00edos estar\u00e1 asimismo abordar el <strong>repago de la deuda de Iberia y proseguir con las negociaciones para culminar la compra de Air Europa por parte de IAG<\/strong>, operaci\u00f3n en la que Candela ha participado estos meses, bajo el liderazgo de Luis Gallego.<\/p>\n<p>\u00abFernando Candela es un profesional extraordinario y ha sido una pieza clave en IAG y en el Grupo Iberia. Su dilatada experiencia en el mundo de la aviaci\u00f3n y de la transformaci\u00f3n <strong>aportar\u00e1 mucho valor a la compa\u00f1\u00eda<\/strong>. Su solvencia hace de \u00e9l la mejor persona para dirigir Iberia en los pr\u00f3ximos meses\u00bb, afirma <strong>Luis Gallego<\/strong>, CEO de IAG.<\/p>\n<h3><strong>VIENTOS DE CAMBIO PARA S\u00c1NCHEZ PRIETO<\/strong><\/h3>\n<p>Javier S\u00e1nchez Prieto afrontar\u00e1, por decisi\u00f3n propia, <strong>nuevos proyectos profesionales fuera de la industria aeron\u00e1utica<\/strong>. En sus doce a\u00f1os de carrera en el Grupo, ha dirigido Iberia y Vueling y ha formado tambi\u00e9n parte del equipo directivo y fundacional de Iberia Express.<\/p>\n<p>\u00abHa sido un honor para m\u00ed estar estos a\u00f1os al frente de Iberia. Me siento muy orgulloso de haber formado parte del equipo que ha logrado <strong>proseguir con la transformaci\u00f3n de Iberia hasta convertirla en una de las mejores compa\u00f1\u00edas del mundo<\/strong>. Me llevo una magn\u00edfica experiencia profesional y el privilegio de haber trabajado con unos profesionales extraordinarios que son capaces de lograr todo lo que se propongan\u201d, se\u00f1ala S\u00e1nchez Prieto.<\/p>\n<\/p>\n<p>&#013;<br \/>\nSource: Bolsamania.com<\/p>\n","protected":false},"excerpt":{"rendered":"<p>\u00abLa llegada de Candela en el mes de julio dar\u00e1 continuidad y estabilidad a la actividad de la compa\u00f1\u00eda y&#8230;<\/p>\n","protected":false},"author":1,"featured_media":0,"comment_status":"open","ping_status":"closed","sticky":false,"template":"","format":"standard","meta":[],"categories":[104],"tags":[99],"_links":{"self":[{"href":"https:\/\/tuavaluo.com\/avaluo\/wp-json\/wp\/v2\/posts\/60793"}],"collection":[{"href":"https:\/\/tuavaluo.com\/avaluo\/wp-json\/wp\/v2\/posts"}],"about":[{"href":"https:\/\/tuavaluo.com\/avaluo\/wp-json\/wp\/v2\/types\/post"}],"author":[{"embeddable":true,"href":"https:\/\/tuavaluo.com\/avaluo\/wp-json\/wp\/v2\/users\/1"}],"replies":[{"embeddable":true,"href":"https:\/\/tuavaluo.com\/avaluo\/wp-json\/wp\/v2\/comments?post=60793"}],"version-history":[{"count":0,"href":"https:\/\/tuavaluo.com\/avaluo\/wp-json\/wp\/v2\/posts\/60793\/revisions"}],"wp:attachment":[{"href":"https:\/\/tuavaluo.com\/avaluo\/wp-json\/wp\/v2\/media?parent=60793"}],"wp:term":[{"taxonomy":"category","embeddable":true,"href":"https:\/\/tuavaluo.com\/avaluo\/wp-json\/wp\/v2\/categories?post=60793"},{"taxonomy":"post_tag","embeddable":true,"href":"https:\/\/tuavaluo.com\/avaluo\/wp-json\/wp\/v2\/tags?post=60793"}],"curies":[{"name":"wp","href":"https:\/\/api.w.org\/{rel}","templated":true}]}}