{"id":61140,"date":"2023-05-11T11:09:06","date_gmt":"2023-05-11T11:09:06","guid":{"rendered":"https:\/\/tuavaluo.com\/avaluo\/2023\/05\/11\/la-airef-eleva-el-crecimiento-del-pib-al-19-en-2023-y-descarta-que-el-deficit-baje-del-3\/"},"modified":"2023-05-11T11:09:06","modified_gmt":"2023-05-11T11:09:06","slug":"la-airef-eleva-el-crecimiento-del-pib-al-19-en-2023-y-descarta-que-el-deficit-baje-del-3","status":"publish","type":"post","link":"https:\/\/tuavaluo.com\/avaluo\/2023\/05\/11\/la-airef-eleva-el-crecimiento-del-pib-al-19-en-2023-y-descarta-que-el-deficit-baje-del-3\/","title":{"rendered":"La AIReF eleva el crecimiento del PIB al 1,9% en 2023 y descarta que el d\u00e9ficit baje del 3%"},"content":{"rendered":"<p>En su &#8216;Informe sobre la Actualizaci\u00f3n del Programa de Estabilidad (APE) 2023-2026&#8217;, el organismo proyecta un <strong>avance del PIB pr\u00f3ximo al 2%<\/strong> tanto en <strong>2023<\/strong> como en <strong>2024<\/strong>, que se reduce al entorno del <strong>1,7% en 2025 y 2026<\/strong>, por lo que \u00abconsidera factible el escenario macroecon\u00f3mico del Gobierno\u00bb.<\/p>\n<p>Por otro lado, las <strong>proyecciones de inflaci\u00f3n<\/strong> de la AIReF resultan <strong>superiores a las del Gobierno<\/strong>, particularmente en 2023. \u00abLa aceleraci\u00f3n de las demandas salariales que se proyecta en 2023 para recuperar de manera parcial la capacidad de compra perdida en 2022 contribuye a ralentizar el descenso de la inflaci\u00f3n a corto plazo\u00bb, indica el auditor p\u00fablico.<\/p>\n<p>En cambio, a medio plazo, estima que la <strong>desaparici\u00f3n de las tensiones de oferta<\/strong> y la paulatina traslaci\u00f3n de las condiciones financieras a la demanda permitir\u00e1 contener los precios.<\/p>\n<h3>D\u00c9FICIT ESTANCADO EN EL 3%<\/h3>\n<p>La AIRef constata que el <strong>Gobierno<\/strong> cumple con el <strong>compromiso de reducir el d\u00e9ficit p\u00fablico por debajo del 3%<\/strong> del PIB en el horizonte de proyecci\u00f3n, aunque, seg\u00fan las previsiones de la instituci\u00f3n, <strong>esta variable se estabilizar\u00e1 en el 3% desde el a\u00f1o 2024<\/strong>.<\/p>\n<p>En este sentido, estima que el <strong>d\u00e9ficit de las Administraciones P\u00fablicas (AAPP) se situar\u00e1 en el 3% del PIB en 2026<\/strong>, 5 d\u00e9cimas por encima del previsto en la APE. En 2023, la instituci\u00f3n considera que el d\u00e9ficit se situar\u00e1 2 d\u00e9cimas por encima de la tasa de referencia, mientras que en<strong> 2024<\/strong> tanto la AIReF como la APE esperan una<strong> reducci\u00f3n de en torno a 1 punto del d\u00e9ficit<\/strong>, \u00abfruto principalmente de la retirada de las medidas temporales\u00bb.<\/p>\n<p>\u00abLa APE recoge una <strong>reducci\u00f3n gradual del d\u00e9ficit entre 2024 y 2026<\/strong>, mientras que la AIReF prev\u00e9 una estabilizaci\u00f3n en el entorno del 3% a partir de 2024&#8243;, recoge en informe.<\/p>\n<h3>DEUDA<\/h3>\n<p>En lo que respecta a la deuda, AIReF proyecta una <strong>disminuci\u00f3n en la ratio de deuda de 5,9 puntos en los pr\u00f3ximos cuatro a\u00f1os, hasta el 107,3% en 2026<\/strong>, \u00absustentada principalmente por el crecimiento del PIB nominal, donde el deflactor tendr\u00e1 una contribuci\u00f3n muy notable\u00bb, destaca el documento.<\/p>\n<p>As\u00ed, el organismo considera <strong>factible la proyecci\u00f3n de deuda del Gobierno<\/strong> incluida en la APE para 2026, ya que tanto la reducci\u00f3n de la ratio como la composici\u00f3n de los factores que determinan su evoluci\u00f3n son similares a los estimados por la AIReF.<\/p>\n<p>Sin embargo, proyecta en su escenario inercial a largo plazo una<strong> ratio de deuda creciente tras un periodo inicial de cierta estabilizaci\u00f3n<\/strong>, siendo el previsible aumento del gasto asociado al envejecimiento de la poblaci\u00f3n uno de los principales desaf\u00edos para la sostenibilidad de las finanzas p\u00fablicas en el medio y largo plazo.<\/p>\n<p>\u00abLas simulaciones de AIReF muestran que <strong>la senda fiscal que cumplir\u00eda las directrices de la Comisi\u00f3n para el periodo 2024-2027<\/strong> requerir\u00eda tomar <strong>medidas adicionales por valor de 0,46 puntos al a\u00f1o r<\/strong>especto al escenario previsto por la instituci\u00f3n. Este ajuste (1,84 puntos acumulados en 4 a\u00f1os) generar\u00eda una reducci\u00f3n de la ratio de deuda de 24 puntos de PIB en los pr\u00f3ximos 15 a\u00f1os, situ\u00e1ndola en una din\u00e1mica claramente descendente\u00bb, explica la instituci\u00f3n.<\/p>\n<h3>REFORMA DEL MARCO FISCAL<\/h3>\n<p>En el Informe, la AIReF incluye <strong>tres recomendaciones nuevas<\/strong>. En primer lugar, recomienda que se inicien los trabajos para la <strong>reforma del marco fiscal nacional<\/strong> con la participaci\u00f3n de los diferentes niveles de las AAPP desde una perspectiva integral, puesto que no ser\u00e1 compatible con el nuevo marco de gobernanza europeo.<\/p>\n<p>Adem\u00e1s, recomienda incorporar al acuerdo del Consejo de Ministros por el que se fijen los objetivos de estabilidad un an\u00e1lisis de c\u00f3mo cumplen el requisito de que <strong>la deuda se mantiene en una senda continuamente descendiente con plausibilidad<\/strong> y de c\u00f3mo se llega a ella por cada nivel de administraci\u00f3n para garantizar la consistencia del reparto.<\/p>\n<p>\u00abTeniendo en cuenta la relevancia del crecimiento econ\u00f3mico para la sostenibilidad de las finanzas p\u00fablicas, la AIReF recomienda al Ministerio de Asuntos Econ\u00f3micos y Transformaci\u00f3n Digital que dise\u00f1e un<strong> modelo de gobernanza de la evaluaci\u00f3n del PRTR<\/strong> para los pr\u00f3ximos a\u00f1os\u00bb, concluye el organismo.<\/p>\n<p>&#013;<br \/>\nSource: Bolsamania.com<\/p>\n","protected":false},"excerpt":{"rendered":"<p>En su &#8216;Informe sobre la Actualizaci\u00f3n del Programa de Estabilidad (APE) 2023-2026&#8217;, el organismo proyecta un avance del PIB pr\u00f3ximo&#8230;<\/p>\n","protected":false},"author":1,"featured_media":0,"comment_status":"open","ping_status":"closed","sticky":false,"template":"","format":"standard","meta":[],"categories":[104],"tags":[99],"_links":{"self":[{"href":"https:\/\/tuavaluo.com\/avaluo\/wp-json\/wp\/v2\/posts\/61140"}],"collection":[{"href":"https:\/\/tuavaluo.com\/avaluo\/wp-json\/wp\/v2\/posts"}],"about":[{"href":"https:\/\/tuavaluo.com\/avaluo\/wp-json\/wp\/v2\/types\/post"}],"author":[{"embeddable":true,"href":"https:\/\/tuavaluo.com\/avaluo\/wp-json\/wp\/v2\/users\/1"}],"replies":[{"embeddable":true,"href":"https:\/\/tuavaluo.com\/avaluo\/wp-json\/wp\/v2\/comments?post=61140"}],"version-history":[{"count":0,"href":"https:\/\/tuavaluo.com\/avaluo\/wp-json\/wp\/v2\/posts\/61140\/revisions"}],"wp:attachment":[{"href":"https:\/\/tuavaluo.com\/avaluo\/wp-json\/wp\/v2\/media?parent=61140"}],"wp:term":[{"taxonomy":"category","embeddable":true,"href":"https:\/\/tuavaluo.com\/avaluo\/wp-json\/wp\/v2\/categories?post=61140"},{"taxonomy":"post_tag","embeddable":true,"href":"https:\/\/tuavaluo.com\/avaluo\/wp-json\/wp\/v2\/tags?post=61140"}],"curies":[{"name":"wp","href":"https:\/\/api.w.org\/{rel}","templated":true}]}}